{"id":187,"date":"2010-02-27T16:15:45","date_gmt":"2010-02-27T15:15:45","guid":{"rendered":"http:\/\/blog.hotze.net\/?p=187"},"modified":"2010-03-02T17:08:14","modified_gmt":"2010-03-02T16:08:14","slug":"theo-wir-fahrn-nach-wudsch","status":"publish","type":"post","link":"https:\/\/blog.hotze.net\/?p=187","title":{"rendered":"Theo, wir fahrn nach Wudsch!"},"content":{"rendered":"<p>Wussten Sie, dass der Ortsname <strong>\u0141\u00f3d\u017a<\/strong> auf Polnisch wie &#8222;Wudsch&#8220; ausgesprochen wird? Eine Journalistenreise f\u00fchrte uns jetzt zu dem preisgekr\u00f6nten Umbau einer Industrieruine in ein Vier-Sterne-Hotel \u2013 und in Polens drittgr\u00f6\u00dfte Stadt, die einst als das &#8222;Manchester des Ostens&#8220; galt.<\/p>\n<p><a rel=\"attachment wp-att-264\" href=\"https:\/\/blog.hotze.net\/?attachment_id=264\"><img loading=\"lazy\" decoding=\"async\" class=\"aligncenter size-full wp-image-264\" title=\"R0010956_700\" src=\"https:\/\/blog.hotze.net\/wp-content\/uploads\/2010\/02\/R0010956_700.jpg\" alt=\"\" width=\"700\" height=\"525\" srcset=\"https:\/\/blog.hotze.net\/wp-content\/uploads\/2010\/02\/R0010956_700.jpg 700w, https:\/\/blog.hotze.net\/wp-content\/uploads\/2010\/02\/R0010956_700-200x150.jpg 200w, https:\/\/blog.hotze.net\/wp-content\/uploads\/2010\/02\/R0010956_700-400x300.jpg 400w\" sizes=\"auto, (max-width: 700px) 100vw, 700px\" \/><\/a><em>Hotel <\/em>andel&#8217;s Lodz<em><br \/>\n<\/em><\/p>\n<p><!--more--><\/p>\n<p>Lodz (ich verzichte fortan auf Sonderzeichen bei den Eigennamen) ist eine Stadt der Industrialisierung des 19. Jahrhunderts. Es gibt hier keinen historischen Stadtkern, keinen Marktplatz und keine Ortsmitte. Jedenfalls keine punktuelle. Als Ortsmitte gilt vielmehr die vier Kilometer lange <strong>ul. Piotrkowska<\/strong>. Sie ist eine pr\u00e4chtige Achse der Gr\u00fcnderzeit, eine Achse, an der sich Banken und neureiche Industrielle mit ihren Pal\u00e4sten verewigt haben.<\/p>\n<p><a rel=\"attachment wp-att-207\" href=\"https:\/\/blog.hotze.net\/?attachment_id=207\"><img loading=\"lazy\" decoding=\"async\" class=\"aligncenter size-full wp-image-207\" title=\"R0010863_700\" src=\"https:\/\/blog.hotze.net\/wp-content\/uploads\/2010\/02\/R0010863_700.jpg\" alt=\"\" width=\"700\" height=\"525\" srcset=\"https:\/\/blog.hotze.net\/wp-content\/uploads\/2010\/02\/R0010863_700.jpg 700w, https:\/\/blog.hotze.net\/wp-content\/uploads\/2010\/02\/R0010863_700-200x150.jpg 200w, https:\/\/blog.hotze.net\/wp-content\/uploads\/2010\/02\/R0010863_700-400x300.jpg 400w\" sizes=\"auto, (max-width: 700px) 100vw, 700px\" \/><\/a><em>Die ul. Piotrkowska ist 4 km lang und die Hauptstra\u00dfe von Lodz<br \/>\n<\/em><\/p>\n<p>Obwohl das streng orthogonale Stra\u00dfenraster fast so regelm\u00e4\u00dfig ist wie das amerikanischer <em>Downtowns<\/em>, wirkt das Stadtbild merkw\u00fcrdig uneinheitlich, ja zerrissen. Das liegt zum einen daran, dass im Sozialismus einige wichtige Stra\u00dfen verbreitert und daf\u00fcr die Vorderh\u00e4user abgerissen wurden\u00a0 \u2013 man also direkt in die Hinterh\u00f6fe blickt \u2013, und es au\u00dferdem offenbar damals keine Festlegung der Bauh\u00f6hen gab. Anders also als bei der gr\u00fcnderzeitlichen Stadterweiterung Berlins innerhalb des S-Bahn-Rings, wo der Hobrecht-Plan eine durchg\u00e4ngige Bauh\u00f6he von 22 Metern festschrieb, finden wir in Lodz zwei- neben f\u00fcnfgeschossigen Bauten.<\/p>\n<p>Lodz war ein Zentrum der Textilindustrie, in dem man im 19. Jahrhundert richtig Geld machen konnte. Die damaligen Akteure bestanden aus vier Volksgruppen: Deutsche, Juden, Polen und Russen. Ein Bonmot aus der Zeit geht so: Die Deutschen waren die Unternehmer, die Juden gaben das Geld, die Polen haben geschuftet, und die Russen haben alle drei unterdr\u00fcckt. Heute ist Lodz nat\u00fcrlich homogen polnisch-katholisch, aber vorzeigbare evangelische oder russisch-orthodoxe Kirchen aus dem 19. Jahrhundert (und sogar eine Synagoge, die die Nazis aus eigentumsrechtlichen Gr\u00fcnden (!) nicht zerst\u00f6rt haben) sind aus dieser Phase des konfessionellen Liberalismus geblieben.<\/p>\n<p>Die gro\u00dfen Fabriken aus Backstein sind Bestandteil des Stadtbildes. Nach dem Zusammenbruch der volkseigenen Kombinate nach dem Umbruchsjahr 1989 sind die meisten Geb\u00e4ude brachgefallen. Ein Vorzeigeprojekt f\u00fcr die Umnutzung eines gro\u00dfen Industriekomplexes steht im Norden der Stadt: Das Einkaufs- und Kulturzentrum <strong>manufaktura<\/strong>, zu dem (st\u00e4dtebaulich) auch das Hotel <strong>andel&#8217;s<\/strong> <strong>Lodz<\/strong> geh\u00f6rt, entstand als Umnutzung der Fabriken des Unternehmers Israel Posnanski. Beim mit Architekturpreisen gek\u00fcrten Umbau zum Hotel (<a href=\"http:\/\/www.op-architekten.com\"><strong>OP Architekten<\/strong><\/a>, Wien\/Warschau) ist die mittlere von f\u00fcnf L\u00e4ngsachsen des historischen Industriebaus aufgerissen worden, so dass eif\u00f6rmige \u00d6ffnungen in den Decken den Durchblick von der Lobby bis zum Tageslicht-Dach erm\u00f6glichen. Ein vollverglastes Schwimmbad thront keck auf dem r\u00fcckw\u00e4rtigen Mittelrisaliten des revitalisierten Backsteinbaus.<\/p>\n<p><a rel=\"attachment wp-att-232\" href=\"https:\/\/blog.hotze.net\/?attachment_id=232\"><img loading=\"lazy\" decoding=\"async\" class=\"aligncenter size-full wp-image-232\" title=\"R0010797_700\" src=\"https:\/\/blog.hotze.net\/wp-content\/uploads\/2010\/02\/R0010797_700.jpg\" alt=\"\" width=\"700\" height=\"525\" srcset=\"https:\/\/blog.hotze.net\/wp-content\/uploads\/2010\/02\/R0010797_700.jpg 700w, https:\/\/blog.hotze.net\/wp-content\/uploads\/2010\/02\/R0010797_700-200x150.jpg 200w, https:\/\/blog.hotze.net\/wp-content\/uploads\/2010\/02\/R0010797_700-400x300.jpg 400w\" sizes=\"auto, (max-width: 700px) 100vw, 700px\" \/><\/a><em>Hotel <\/em>andel&#8217;s Lodz<em> in der ehemaligen Textilfabrik von Israel Posnanski<\/em><\/p>\n<p><em><a rel=\"attachment wp-att-265\" href=\"https:\/\/blog.hotze.net\/?attachment_id=265\"><img loading=\"lazy\" decoding=\"async\" class=\"aligncenter size-full wp-image-265\" title=\"R0010963_700\" src=\"https:\/\/blog.hotze.net\/wp-content\/uploads\/2010\/02\/R0010963_700.jpg\" alt=\"\" width=\"700\" height=\"525\" srcset=\"https:\/\/blog.hotze.net\/wp-content\/uploads\/2010\/02\/R0010963_700.jpg 700w, https:\/\/blog.hotze.net\/wp-content\/uploads\/2010\/02\/R0010963_700-200x150.jpg 200w, https:\/\/blog.hotze.net\/wp-content\/uploads\/2010\/02\/R0010963_700-400x300.jpg 400w\" sizes=\"auto, (max-width: 700px) 100vw, 700px\" \/><\/a><\/em><\/p>\n<p><em>(Foto perspektivisch korrigiert)<br \/>\n<\/em><\/p>\n<p><em><a rel=\"attachment wp-att-266\" href=\"https:\/\/blog.hotze.net\/?attachment_id=266\"><img loading=\"lazy\" decoding=\"async\" class=\"aligncenter size-full wp-image-266\" title=\"R0010964_700\" src=\"https:\/\/blog.hotze.net\/wp-content\/uploads\/2010\/02\/R0010964_700.jpg\" alt=\"\" width=\"700\" height=\"525\" srcset=\"https:\/\/blog.hotze.net\/wp-content\/uploads\/2010\/02\/R0010964_700.jpg 700w, https:\/\/blog.hotze.net\/wp-content\/uploads\/2010\/02\/R0010964_700-200x150.jpg 200w, https:\/\/blog.hotze.net\/wp-content\/uploads\/2010\/02\/R0010964_700-400x300.jpg 400w\" sizes=\"auto, (max-width: 700px) 100vw, 700px\" \/><\/a><\/em><\/p>\n<p><em><a rel=\"attachment wp-att-267\" href=\"https:\/\/blog.hotze.net\/?attachment_id=267\"><img loading=\"lazy\" decoding=\"async\" class=\"aligncenter size-full wp-image-267\" title=\"R0010967_700\" src=\"https:\/\/blog.hotze.net\/wp-content\/uploads\/2010\/02\/R0010967_700.jpg\" alt=\"\" width=\"700\" height=\"525\" srcset=\"https:\/\/blog.hotze.net\/wp-content\/uploads\/2010\/02\/R0010967_700.jpg 700w, https:\/\/blog.hotze.net\/wp-content\/uploads\/2010\/02\/R0010967_700-200x150.jpg 200w, https:\/\/blog.hotze.net\/wp-content\/uploads\/2010\/02\/R0010967_700-400x300.jpg 400w\" sizes=\"auto, (max-width: 700px) 100vw, 700px\" \/><\/a><br \/>\n<\/em><\/p>\n<p>Im S\u00fcden der Stadt versucht man, in die Fabriken des Industriellen <strong>Karl Scheibler<\/strong> Loftwohnungen einzubauen \u2013 offenbar mit weniger schnellem Erfolg. Zu Scheiblers Fabrikstadt geh\u00f6rt auch eine Werkssiedlung mit eigener Schule und eine Werksfeuerwehr, die als eines der sch\u00f6nsten Industriegeb\u00e4ude in Lodz gilt und erfolgreich in B\u00fcros umgebaut wurde.<\/p>\n<p><em><a rel=\"attachment wp-att-205\" href=\"https:\/\/blog.hotze.net\/?attachment_id=205\"><img loading=\"lazy\" decoding=\"async\" class=\"aligncenter size-full wp-image-205\" title=\"R0010850_700\" src=\"https:\/\/blog.hotze.net\/wp-content\/uploads\/2010\/02\/R0010850_700.jpg\" alt=\"\" width=\"700\" height=\"525\" srcset=\"https:\/\/blog.hotze.net\/wp-content\/uploads\/2010\/02\/R0010850_700.jpg 700w, https:\/\/blog.hotze.net\/wp-content\/uploads\/2010\/02\/R0010850_700-200x150.jpg 200w, https:\/\/blog.hotze.net\/wp-content\/uploads\/2010\/02\/R0010850_700-400x300.jpg 400w\" sizes=\"auto, (max-width: 700px) 100vw, 700px\" \/><\/a>Schule der Scheibler-Werkssiedlung<\/em><\/p>\n<p><em><a rel=\"attachment wp-att-206\" href=\"https:\/\/blog.hotze.net\/?attachment_id=206\"><img loading=\"lazy\" decoding=\"async\" class=\"aligncenter size-full wp-image-206\" title=\"R0010847_700\" src=\"https:\/\/blog.hotze.net\/wp-content\/uploads\/2010\/02\/R0010847_700.jpg\" alt=\"\" width=\"700\" height=\"525\" srcset=\"https:\/\/blog.hotze.net\/wp-content\/uploads\/2010\/02\/R0010847_700.jpg 700w, https:\/\/blog.hotze.net\/wp-content\/uploads\/2010\/02\/R0010847_700-200x150.jpg 200w, https:\/\/blog.hotze.net\/wp-content\/uploads\/2010\/02\/R0010847_700-400x300.jpg 400w\" sizes=\"auto, (max-width: 700px) 100vw, 700px\" \/><\/a>Scheibler-Werkssiedlung; im Hintergrund die ehemalige Fabrik (heute: Loftwohnungen)<\/em><\/p>\n<p>Lodz liegt ziemlich genau in der Mitte Polens und ist per Autobahn gut angebunden \u2013 ein Standortvorteil f\u00fcr Tagungen und Kongresse, zu denen Teilnehmer aus ganz Polen anreisen \u2013 zum Beispiel f\u00fcr Verk\u00e4uferschulungen oder dergleichen. Dennoch steht die Stadt stets im Schatten der 120 km (oder anderthalb Bahnstunden) entfernten Hauptstadt Warschau. Der Zustand vieler alten Wohngeb\u00e4ude in Lodz ist desolat, vieles steht leer. Und da soll jetzt der \u2013 bisher sch\u00e4bige \u2013 Hauptbahnhof Lodz-Fabryczna unter die Erde verlegt und dar\u00fcber ein Kongress- und Kulturzentrum unter Einbezug von historischen Fabrikbauten errichtet werden. Ein merkw\u00fcrdiges Vorhaben, das Lodz endlich eine Ortsmitte geben soll und doch angesichts der desolaten Substanz darumherum etwas nach Pfeifen im Walde klingt.<\/p>\n<p><em><a rel=\"attachment wp-att-223\" href=\"https:\/\/blog.hotze.net\/?attachment_id=223\"><img loading=\"lazy\" decoding=\"async\" class=\"aligncenter size-full wp-image-223\" title=\"R0010874_700\" src=\"https:\/\/blog.hotze.net\/wp-content\/uploads\/2010\/02\/R0010874_700.jpg\" alt=\"\" width=\"700\" height=\"525\" srcset=\"https:\/\/blog.hotze.net\/wp-content\/uploads\/2010\/02\/R0010874_700.jpg 700w, https:\/\/blog.hotze.net\/wp-content\/uploads\/2010\/02\/R0010874_700-200x150.jpg 200w, https:\/\/blog.hotze.net\/wp-content\/uploads\/2010\/02\/R0010874_700-400x300.jpg 400w\" sizes=\"auto, (max-width: 700px) 100vw, 700px\" \/><\/a>Der bislang noch sch\u00e4bige Bahnhof Lodz-Fabryczna soll unter die Erde verlegt werden<\/em><\/p>\n<p style=\"text-align: left;\"><em>\u2022 Mit Dank an <\/em>VI Vienna International Hotelmanagement AG<em>, Betreiberin des <\/em>andel&#8217;s Hotel Lodz<em>, und dort namentlich Elisabeth Scheiring, f\u00fcr die hervorragend organisierte <\/em>Journalistenreise Architektur + Kultur<em> nach Lodz am 24. bis 26. Februar 2010<\/em><\/p>\n<p style=\"text-align: left;\">\n<p style=\"text-align: left;\">\n<p style=\"text-align: left;\">\n<p style=\"text-align: left;\">\n<p style=\"text-align: left;\">\n<p style=\"text-align: left;\">\n<p style=\"text-align: left;\">\n<p style=\"text-align: left;\">\n<p style=\"text-align: left;\">\n<p style=\"text-align: left;\">\n<p style=\"text-align: left;\"><strong>(M)Ein Weg durch Lodz<\/strong><\/p>\n<p style=\"text-align: left;\"><em><a rel=\"attachment wp-att-212\" href=\"https:\/\/blog.hotze.net\/?attachment_id=212\"><img loading=\"lazy\" decoding=\"async\" class=\"aligncenter size-full wp-image-212\" title=\"R0010865_700\" src=\"https:\/\/blog.hotze.net\/wp-content\/uploads\/2010\/02\/R0010865_700.jpg\" alt=\"\" width=\"700\" height=\"446\" srcset=\"https:\/\/blog.hotze.net\/wp-content\/uploads\/2010\/02\/R0010865_700.jpg 700w, https:\/\/blog.hotze.net\/wp-content\/uploads\/2010\/02\/R0010865_700-200x127.jpg 200w, https:\/\/blog.hotze.net\/wp-content\/uploads\/2010\/02\/R0010865_700-470x300.jpg 470w\" sizes=\"auto, (max-width: 700px) 100vw, 700px\" \/><\/a>Moderne in Lodz: Ecke Tuwima\/Kilinskiego (Foto perspektivisch korrigiert)<br \/>\n<\/em><\/p>\n<p style=\"text-align: left;\"><em><a rel=\"attachment wp-att-217\" href=\"https:\/\/blog.hotze.net\/?attachment_id=217\"><img loading=\"lazy\" decoding=\"async\" class=\"aligncenter size-full wp-image-217\" title=\"R0010873_700\" src=\"https:\/\/blog.hotze.net\/wp-content\/uploads\/2010\/02\/R0010873_700.jpg\" alt=\"\" width=\"700\" height=\"525\" srcset=\"https:\/\/blog.hotze.net\/wp-content\/uploads\/2010\/02\/R0010873_700.jpg 700w, https:\/\/blog.hotze.net\/wp-content\/uploads\/2010\/02\/R0010873_700-200x150.jpg 200w, https:\/\/blog.hotze.net\/wp-content\/uploads\/2010\/02\/R0010873_700-400x300.jpg 400w\" sizes=\"auto, (max-width: 700px) 100vw, 700px\" \/><\/a>Ein Hof in der Kilinskiego zwischen Traugutta und Tuwina<\/em><\/p>\n<p style=\"text-align: left;\"><em><a rel=\"attachment wp-att-226\" href=\"https:\/\/blog.hotze.net\/?attachment_id=226\"><img loading=\"lazy\" decoding=\"async\" class=\"aligncenter size-full wp-image-226\" title=\"R0010875_700\" src=\"https:\/\/blog.hotze.net\/wp-content\/uploads\/2010\/02\/R0010875_700.jpg\" alt=\"\" width=\"700\" height=\"525\" srcset=\"https:\/\/blog.hotze.net\/wp-content\/uploads\/2010\/02\/R0010875_700.jpg 700w, https:\/\/blog.hotze.net\/wp-content\/uploads\/2010\/02\/R0010875_700-200x150.jpg 200w, https:\/\/blog.hotze.net\/wp-content\/uploads\/2010\/02\/R0010875_700-400x300.jpg 400w\" sizes=\"auto, (max-width: 700px) 100vw, 700px\" \/><\/a>Kulturhaus Lodz, ul. Traugutta<br \/>\n<\/em><\/p>\n<p style=\"text-align: left;\"><em><a rel=\"attachment wp-att-229\" href=\"https:\/\/blog.hotze.net\/?attachment_id=229\"><img loading=\"lazy\" decoding=\"async\" class=\"aligncenter size-full wp-image-229\" title=\"R0010878_700\" src=\"https:\/\/blog.hotze.net\/wp-content\/uploads\/2010\/02\/R0010878_700.jpg\" alt=\"\" width=\"700\" height=\"525\" srcset=\"https:\/\/blog.hotze.net\/wp-content\/uploads\/2010\/02\/R0010878_700.jpg 700w, https:\/\/blog.hotze.net\/wp-content\/uploads\/2010\/02\/R0010878_700-200x150.jpg 200w, https:\/\/blog.hotze.net\/wp-content\/uploads\/2010\/02\/R0010878_700-400x300.jpg 400w\" sizes=\"auto, (max-width: 700px) 100vw, 700px\" \/><\/a>Am Kulturhaus<\/em><\/p>\n<p style=\"text-align: left;\"><em><a rel=\"attachment wp-att-249\" href=\"https:\/\/blog.hotze.net\/?attachment_id=249\"><img loading=\"lazy\" decoding=\"async\" class=\"aligncenter size-full wp-image-249\" title=\"R0010889_700\" src=\"https:\/\/blog.hotze.net\/wp-content\/uploads\/2010\/02\/R0010889_700.jpg\" alt=\"\" width=\"700\" height=\"525\" srcset=\"https:\/\/blog.hotze.net\/wp-content\/uploads\/2010\/02\/R0010889_700.jpg 700w, https:\/\/blog.hotze.net\/wp-content\/uploads\/2010\/02\/R0010889_700-200x150.jpg 200w, https:\/\/blog.hotze.net\/wp-content\/uploads\/2010\/02\/R0010889_700-400x300.jpg 400w\" sizes=\"auto, (max-width: 700px) 100vw, 700px\" \/><\/a>Hotel Centrum<\/em><\/p>\n<p style=\"text-align: left;\"><em><a rel=\"attachment wp-att-250\" href=\"https:\/\/blog.hotze.net\/?attachment_id=250\"><img loading=\"lazy\" decoding=\"async\" class=\"aligncenter size-full wp-image-250\" title=\"R0010899_700\" src=\"https:\/\/blog.hotze.net\/wp-content\/uploads\/2010\/02\/R0010899_700.jpg\" alt=\"\" width=\"700\" height=\"525\" srcset=\"https:\/\/blog.hotze.net\/wp-content\/uploads\/2010\/02\/R0010899_700.jpg 700w, https:\/\/blog.hotze.net\/wp-content\/uploads\/2010\/02\/R0010899_700-200x150.jpg 200w, https:\/\/blog.hotze.net\/wp-content\/uploads\/2010\/02\/R0010899_700-400x300.jpg 400w\" sizes=\"auto, (max-width: 700px) 100vw, 700px\" \/><\/a>Ecke Narutowicza\/Kilinskiego<\/em><\/p>\n<p style=\"text-align: left;\"><em><a rel=\"attachment wp-att-253\" href=\"https:\/\/blog.hotze.net\/?attachment_id=253\"><img loading=\"lazy\" decoding=\"async\" class=\"aligncenter size-full wp-image-253\" title=\"R0010908_700\" src=\"https:\/\/blog.hotze.net\/wp-content\/uploads\/2010\/02\/R0010908_700.jpg\" alt=\"\" width=\"700\" height=\"525\" srcset=\"https:\/\/blog.hotze.net\/wp-content\/uploads\/2010\/02\/R0010908_700.jpg 700w, https:\/\/blog.hotze.net\/wp-content\/uploads\/2010\/02\/R0010908_700-200x150.jpg 200w, https:\/\/blog.hotze.net\/wp-content\/uploads\/2010\/02\/R0010908_700-400x300.jpg 400w\" sizes=\"auto, (max-width: 700px) 100vw, 700px\" \/><\/a>Ecke Wlockiennicza\/Kilinskiego<\/em><\/p>\n<p style=\"text-align: left;\"><em><a rel=\"attachment wp-att-256\" href=\"https:\/\/blog.hotze.net\/?attachment_id=256\"><img loading=\"lazy\" decoding=\"async\" class=\"aligncenter size-full wp-image-256\" title=\"R0010911_700\" src=\"https:\/\/blog.hotze.net\/wp-content\/uploads\/2010\/02\/R0010911_700.jpg\" alt=\"\" width=\"700\" height=\"525\" srcset=\"https:\/\/blog.hotze.net\/wp-content\/uploads\/2010\/02\/R0010911_700.jpg 700w, https:\/\/blog.hotze.net\/wp-content\/uploads\/2010\/02\/R0010911_700-200x150.jpg 200w, https:\/\/blog.hotze.net\/wp-content\/uploads\/2010\/02\/R0010911_700-400x300.jpg 400w\" sizes=\"auto, (max-width: 700px) 100vw, 700px\" \/><\/a>Ecke Pomorska\/Kilinskiego<\/em><\/p>\n<p style=\"text-align: left;\"><em><a rel=\"attachment wp-att-257\" href=\"https:\/\/blog.hotze.net\/?attachment_id=257\"><img loading=\"lazy\" decoding=\"async\" class=\"aligncenter size-full wp-image-257\" title=\"R0010913_700\" src=\"https:\/\/blog.hotze.net\/wp-content\/uploads\/2010\/02\/R0010913_700.jpg\" alt=\"\" width=\"700\" height=\"525\" srcset=\"https:\/\/blog.hotze.net\/wp-content\/uploads\/2010\/02\/R0010913_700.jpg 700w, https:\/\/blog.hotze.net\/wp-content\/uploads\/2010\/02\/R0010913_700-200x150.jpg 200w, https:\/\/blog.hotze.net\/wp-content\/uploads\/2010\/02\/R0010913_700-400x300.jpg 400w\" sizes=\"auto, (max-width: 700px) 100vw, 700px\" \/><\/a>Die selbe Ecke:<em> <\/em><\/em><em>Pomorska\/Kilinskiego<\/em><\/p>\n<p style=\"text-align: left;\"><em><a rel=\"attachment wp-att-258\" href=\"https:\/\/blog.hotze.net\/?attachment_id=258\"><img loading=\"lazy\" decoding=\"async\" class=\"aligncenter size-full wp-image-258\" title=\"R0010915_700\" src=\"https:\/\/blog.hotze.net\/wp-content\/uploads\/2010\/02\/R0010915_700.jpg\" alt=\"\" width=\"700\" height=\"525\" srcset=\"https:\/\/blog.hotze.net\/wp-content\/uploads\/2010\/02\/R0010915_700.jpg 700w, https:\/\/blog.hotze.net\/wp-content\/uploads\/2010\/02\/R0010915_700-200x150.jpg 200w, https:\/\/blog.hotze.net\/wp-content\/uploads\/2010\/02\/R0010915_700-400x300.jpg 400w\" sizes=\"auto, (max-width: 700px) 100vw, 700px\" \/><\/a>Pomorska Richtung pl. Wolnosci<\/em><\/p>\n<p style=\"text-align: left;\"><em><a rel=\"attachment wp-att-259\" href=\"https:\/\/blog.hotze.net\/?attachment_id=259\"><img loading=\"lazy\" decoding=\"async\" class=\"aligncenter size-full wp-image-259\" title=\"R0010925_700\" src=\"https:\/\/blog.hotze.net\/wp-content\/uploads\/2010\/02\/R0010925_700.jpg\" alt=\"\" width=\"700\" height=\"525\" srcset=\"https:\/\/blog.hotze.net\/wp-content\/uploads\/2010\/02\/R0010925_700.jpg 700w, https:\/\/blog.hotze.net\/wp-content\/uploads\/2010\/02\/R0010925_700-200x150.jpg 200w, https:\/\/blog.hotze.net\/wp-content\/uploads\/2010\/02\/R0010925_700-400x300.jpg 400w\" sizes=\"auto, (max-width: 700px) 100vw, 700px\" \/><\/a>pl. <\/em><em>Wolnosci, der Beginn der Achse Piotrkowska. Welches Bild ist besser? Dieses ohne&#8230;<\/em><\/p>\n<p style=\"text-align: left;\"><em><a rel=\"attachment wp-att-260\" href=\"https:\/\/blog.hotze.net\/?attachment_id=260\"><img loading=\"lazy\" decoding=\"async\" class=\"aligncenter size-full wp-image-260\" title=\"R0010926_700\" src=\"https:\/\/blog.hotze.net\/wp-content\/uploads\/2010\/02\/R0010926_700.jpg\" alt=\"\" width=\"700\" height=\"525\" srcset=\"https:\/\/blog.hotze.net\/wp-content\/uploads\/2010\/02\/R0010926_700.jpg 700w, https:\/\/blog.hotze.net\/wp-content\/uploads\/2010\/02\/R0010926_700-200x150.jpg 200w, https:\/\/blog.hotze.net\/wp-content\/uploads\/2010\/02\/R0010926_700-400x300.jpg 400w\" sizes=\"auto, (max-width: 700px) 100vw, 700px\" \/><\/a>&#8230; oder dieses mit Verkehr?<\/em><\/p>\n<p style=\"text-align: left;\"><em><a rel=\"attachment wp-att-263\" href=\"https:\/\/blog.hotze.net\/?attachment_id=263\"><img loading=\"lazy\" decoding=\"async\" class=\"aligncenter size-full wp-image-263\" title=\"R0010939_700\" src=\"https:\/\/blog.hotze.net\/wp-content\/uploads\/2010\/02\/R0010939_700.jpg\" alt=\"\" width=\"700\" height=\"525\" srcset=\"https:\/\/blog.hotze.net\/wp-content\/uploads\/2010\/02\/R0010939_700.jpg 700w, https:\/\/blog.hotze.net\/wp-content\/uploads\/2010\/02\/R0010939_700-200x150.jpg 200w, https:\/\/blog.hotze.net\/wp-content\/uploads\/2010\/02\/R0010939_700-400x300.jpg 400w\" sizes=\"auto, (max-width: 700px) 100vw, 700px\" \/><\/a>ul. Polnocna. Im Hintergrund der neobarocke Palast des Textifabrikanten Israel Posnanski, heute Museum<\/em><\/p>\n<p style=\"text-align: left;\"><em><a rel=\"attachment wp-att-274\" href=\"https:\/\/blog.hotze.net\/?attachment_id=274\"><img loading=\"lazy\" decoding=\"async\" class=\"aligncenter size-full wp-image-274\" title=\"R0010992_700\" src=\"https:\/\/blog.hotze.net\/wp-content\/uploads\/2010\/02\/R0010992_700.jpg\" alt=\"\" width=\"700\" height=\"525\" srcset=\"https:\/\/blog.hotze.net\/wp-content\/uploads\/2010\/02\/R0010992_700.jpg 700w, https:\/\/blog.hotze.net\/wp-content\/uploads\/2010\/02\/R0010992_700-200x150.jpg 200w, https:\/\/blog.hotze.net\/wp-content\/uploads\/2010\/02\/R0010992_700-400x300.jpg 400w\" sizes=\"auto, (max-width: 700px) 100vw, 700px\" \/><\/a><\/em><em>\u0141\u00f3dzki KS ist ein Fu\u00dfball-Zweitligist<\/em><strong><br \/>\n<\/strong><\/p>\n<p style=\"text-align: left;\">\u00a9 Benedikt Hotze 2010. Alle Fotos mit der Kompaktkamera Ricoh R 10<\/p>\n","protected":false},"excerpt":{"rendered":"<p>Wussten Sie, dass der Ortsname \u0141\u00f3d\u017a auf Polnisch wie &#8222;Wudsch&#8220; ausgesprochen wird? Eine Journalistenreise f\u00fchrte uns jetzt zu dem preisgekr\u00f6nten Umbau einer Industrieruine in ein Vier-Sterne-Hotel \u2013 und in Polens drittgr\u00f6\u00dfte Stadt, die einst als das &#8222;Manchester des Ostens&#8220; galt. Hotel andel&#8217;s Lodz<\/p>\n","protected":false},"author":1,"featured_media":0,"comment_status":"open","ping_status":"open","sticky":false,"template":"","format":"standard","meta":{"footnotes":""},"categories":[1,6],"tags":[10,38,8,9,11],"class_list":["post-187","post","type-post","status-publish","format-standard","hentry","category-allgemein","category-architektur","tag-architecture","tag-architektur","tag-lodz","tag-stadtebau","tag-urban-planning"],"_links":{"self":[{"href":"https:\/\/blog.hotze.net\/index.php?rest_route=\/wp\/v2\/posts\/187","targetHints":{"allow":["GET"]}}],"collection":[{"href":"https:\/\/blog.hotze.net\/index.php?rest_route=\/wp\/v2\/posts"}],"about":[{"href":"https:\/\/blog.hotze.net\/index.php?rest_route=\/wp\/v2\/types\/post"}],"author":[{"embeddable":true,"href":"https:\/\/blog.hotze.net\/index.php?rest_route=\/wp\/v2\/users\/1"}],"replies":[{"embeddable":true,"href":"https:\/\/blog.hotze.net\/index.php?rest_route=%2Fwp%2Fv2%2Fcomments&post=187"}],"version-history":[{"count":69,"href":"https:\/\/blog.hotze.net\/index.php?rest_route=\/wp\/v2\/posts\/187\/revisions"}],"predecessor-version":[{"id":284,"href":"https:\/\/blog.hotze.net\/index.php?rest_route=\/wp\/v2\/posts\/187\/revisions\/284"}],"wp:attachment":[{"href":"https:\/\/blog.hotze.net\/index.php?rest_route=%2Fwp%2Fv2%2Fmedia&parent=187"}],"wp:term":[{"taxonomy":"category","embeddable":true,"href":"https:\/\/blog.hotze.net\/index.php?rest_route=%2Fwp%2Fv2%2Fcategories&post=187"},{"taxonomy":"post_tag","embeddable":true,"href":"https:\/\/blog.hotze.net\/index.php?rest_route=%2Fwp%2Fv2%2Ftags&post=187"}],"curies":[{"name":"wp","href":"https:\/\/api.w.org\/{rel}","templated":true}]}}