{"id":2153,"date":"2013-07-16T18:47:04","date_gmt":"2013-07-16T16:47:04","guid":{"rendered":"http:\/\/blog.hotze.net\/?p=2153"},"modified":"2013-07-20T01:22:16","modified_gmt":"2013-07-19T23:22:16","slug":"icc-berlin-raumschiff-im-aus","status":"publish","type":"post","link":"https:\/\/blog.hotze.net\/?p=2153","title":{"rendered":"ICC Berlin: Raumschiff im Aus"},"content":{"rendered":"<p><strong>Das Internationale Congress Centrum (ICC) am Berliner Funkturm ist das wohl bekannteste Raumschiff der Space-Age-Architektur der siebziger Jahre. Als Kongresszentrum bis heute hochgelobt und preisgekr\u00f6nt, wird es dennoch im n\u00e4chsten Jahr geschlossen \u2013 und zwar f\u00fcr immer. Folge einer konsequent kopflosen Politik.<\/strong><\/p>\n<div id=\"attachment_2154\" style=\"width: 710px\" class=\"wp-caption alignnone\"><a href=\"https:\/\/blog.hotze.net\/?attachment_id=2154\" rel=\"attachment wp-att-2154\"><img loading=\"lazy\" decoding=\"async\" aria-describedby=\"caption-attachment-2154\" class=\"size-full wp-image-2154 \" alt=\"ICC_700\" src=\"https:\/\/blog.hotze.net\/wp-content\/uploads\/2013\/07\/ICC_700.jpg\" width=\"700\" height=\"450\" srcset=\"https:\/\/blog.hotze.net\/wp-content\/uploads\/2013\/07\/ICC_700.jpg 700w, https:\/\/blog.hotze.net\/wp-content\/uploads\/2013\/07\/ICC_700-200x128.jpg 200w, https:\/\/blog.hotze.net\/wp-content\/uploads\/2013\/07\/ICC_700-466x300.jpg 466w\" sizes=\"auto, (max-width: 700px) 100vw, 700px\" \/><\/a><p id=\"caption-attachment-2154\" class=\"wp-caption-text\">Das ICC im Juli 2013. Foto: -tze<\/p><\/div>\n<p><!--more-->Als im Jahr 2002 der internationale UIA-Architektenkongress im Berliner ICC stattfand, glaubten viele Architekten aus Asien, dieses futuristische Bauwerk (Er\u00f6ffnung: 1979) sei eigens f\u00fcr ihren Kongress errichtet worden. Ob diese Anekdote wahr oder nur gut erfunden ist, \u00e4ndert nichts daran, dass das ICC bis heute sehr gut als Kongresszentrum funktioniert. Der Betreiber, die Berliner Messegesellschaft, vermeldet dies denn auch stolz auf Werbetafeln \u00fcber dem Eingang des ICC, wo es den Titel &#8222;Leading Conference &amp; Convention Centre&#8220; zur Schau tr\u00e4gt. Doch damit ist die Messegesellschaft zutiefst unehrlich, denn sie will das ICC schon lange loswerden. Im n\u00e4chsten Jahr wird sie dieses Ziel erreicht haben: Sobald der Ersatzbau <em>City-Cube Berlin<\/em> am Standort der abgerissenen Deutschlandhalle fertig ist, wird die Messe das Kongressgesch\u00e4ft dorthin umziehen lassen, das ICC abschlie\u00dfen und den Schl\u00fcssel dem Berliner Senat vor die F\u00fc\u00dfe werfen. Auf Werbetafeln im Flughafen Tegel sch\u00fcrt sie schon die Vorfreude auf diesen Neubau, den die ICC-Architektin <strong>Ursulina Sch\u00fcler-Witte<\/strong> hingegen f\u00fcr &#8222;Posemuckel&#8220; h\u00e4lt. In einem lesenswerten <a href=\"http:\/\/www.taz.de\/1\/archiv\/digitaz\/artikel\/?ressort=ku&amp;dig=2013%2F06%2F22%2Fa0226&amp;cHash=1f460dfbf34b3e930d501452eea18429\" target=\"_blank\">taz-Interview<\/a> macht sie auf einige Hintergr\u00fcnde zum ICC aufmerksam:<\/p>\n<blockquote><p>Bis zum zwanzigj\u00e4hrigen Bestehen des Hauses, 1999, wurde das Haus von der Messe au\u00dferordentlich gesch\u00e4tzt. Aber seit dem Wechsel der Gesch\u00e4ftsleitung im gleichen Jahr ist die Sichtweise auf das Haus eine v\u00f6llig andere. Die Messegesellschaft ist gewinnorientiert. Als Schreckensbild hat die Messe vor Augen, dass sie eines Tages nicht mehr die Zusch\u00fcsse des Landes Berlin bekommt und sie dann das ICC selbst bezuschussen muss. Der 2014 er\u00f6ffnende City Cube als Kongressalternative ist nichts als eine provinzielle Messehalle.<\/p><\/blockquote>\n<p>Das ist starker Tobak: Erst stattet der Bauherr, der Berliner Senat, das ICC mit gro\u00dfz\u00fcgigen R\u00e4umen sowie feinster Kongress- und B\u00fchnentechnik aus, l\u00e4sst dann aber die landeseigene Messegesellschaft so lange \u00fcber die dadurch angeblich oder tats\u00e4chlich entstehenden Mehrkosten jammern, bis er ihr den <em>City Cube<\/em> baut.<strong> <\/strong><\/p>\n<p><strong>Und jetzt glaubt der Senat ernsthaft, dass er f\u00fcr das sanierungsbed\u00fcrftige ICC einen privaten Investor finden k\u00f6nnte, der das Kongressgesch\u00e4ft im ICC \u00fcbernimmt? Auch Investoren k\u00f6nnen rechnen, die meisten sogar besser als Politiker, und so ist es kein Wunder, dass die Interessenten derzeit scharenweise ausbleiben. Wer w\u00e4re auch so dumm, ein Kongressgesch\u00e4ft betreiben zu wollen, wenn nebenan ein alteingesessener Player mit Mitteln der \u00f6ffentlichen Hand bereits ein Kongressgesch\u00e4ft betreibt?<\/strong><\/p>\n<p>Als Konsequenz aus solcher Erkenntnis hat der Senat soeben die eigentlich im Koalitionsvertrag festgeschriebenen 200 Millionen Euro f\u00fcr die ICC-Sanierung gesperrt.<\/p>\n<p><strong>Die Situation ist v\u00f6llig verfahren: Die Messegesellschaft wird nie wieder ins ICC zur\u00fcckgehen, ein anderer Betreiber ist nicht in Sicht, eine Kongressnutzung im ICC w\u00e4re k\u00fcnftig wegen der Konkurrenz des <em>City Cube<\/em> wirtschaftlich unsinnig. Und ohne Sanierung w\u00e4ren sowieso keine Veranstaltungen gleich welcher Art mehr m\u00f6glich: Die Betriebsgenehmigung l\u00e4uft Anfang 2014 aus.<\/strong><\/p>\n<p>Vor diesem Hintergrund hat das Berliner B\u00fcro von <strong>KSP J\u00fcrgen Engel Architekten<\/strong> den Vorschlag gemacht, das ICC zur Landeszentralbibliothek umzunutzen, die eigentlich auf dem Tempelhofer Feld gebaut werden soll. Der Vorschlag ist insofern charmant, als dass damit das ICC zumindest in seiner \u00e4u\u00dferen Erscheinung erhalten bleiben k\u00f6nnte. Die Kosten daf\u00fcr haben die Architekten etwa in der H\u00f6he ermittelt, die auch f\u00fcr den Bau der Bibliothek plus die Sanierung des ICC bereit<del>stehen<\/del>standen. Ursulina Sch\u00fcler-Witte h\u00e4lt davon jedoch nichts:<\/p>\n<blockquote><p>Das Wertvolle des Hauses ist ja gerade seine Innenausstattung. Wir haben da zum Beispiel die zweitgr\u00f6\u00dfte B\u00fchne Europas drin. Die beiden gro\u00dfen S\u00e4le mit 5.000 und 2.500 Pl\u00e4tzen k\u00f6nnen zusammengeschaltet werden. 50 Prozent sollten urspr\u00fcnglich \u00fcber das Kongressgesch\u00e4ft hinausgehen &#8211; etwa mit B\u00fchnen-, Show- oder Kammermusikveranstaltungen f\u00fcr die Berliner. Beim Bau musste das alles ber\u00fccksichtigt werden. Das hat sich auch auf die Baukosten ausgewirkt. Aber es gibt eine ungeheuere Flexibilit\u00e4t im Haus. Eine Bibliothek in einem entkernten Haus ist jedenfalls v\u00f6llig idiotisch.<\/p><\/blockquote>\n<div id=\"attachment_2162\" style=\"width: 710px\" class=\"wp-caption alignnone\"><a href=\"https:\/\/blog.hotze.net\/?attachment_id=2162\" rel=\"attachment wp-att-2162\"><img loading=\"lazy\" decoding=\"async\" aria-describedby=\"caption-attachment-2162\" class=\"size-full wp-image-2162\" alt=\"icc_ksp\" src=\"https:\/\/blog.hotze.net\/wp-content\/uploads\/2013\/07\/icc_ksp.jpg\" width=\"700\" height=\"497\" srcset=\"https:\/\/blog.hotze.net\/wp-content\/uploads\/2013\/07\/icc_ksp.jpg 700w, https:\/\/blog.hotze.net\/wp-content\/uploads\/2013\/07\/icc_ksp-200x142.jpg 200w, https:\/\/blog.hotze.net\/wp-content\/uploads\/2013\/07\/icc_ksp-422x300.jpg 422w\" sizes=\"auto, (max-width: 700px) 100vw, 700px\" \/><\/a><p id=\"caption-attachment-2162\" class=\"wp-caption-text\">Vorschlag von KSP J\u00fcrgen Engel Architekten: Umnutzung des ICC zur Landeszentralbibliothek<\/p><\/div>\n<p>Ob man sich dem anschlie\u00dft oder nicht: Die Bibliotheksl\u00f6sung wird so oder so nicht kommen. Der Grund daf\u00fcr hei\u00dft Klaus Wowereit. Die Bibliothek auf dem Tempelhofer Feld ist f\u00fcr den durch die BER-Aff\u00e4re politisch schwer angeschlagene Regierenden B\u00fcrgermeister\u00a0 ein Prestigeprojekt, das er vor seinem R\u00fcckzug aus der Politik um jeden Preis durchsetzen will. Nach dem City-Cube ist die Bibliothek also bereits das zweite Bauprojekt des Landes Berlin, das eine Nicht-Nutzung des ICC urs\u00e4chlich herbeif\u00fchrt.<\/p>\n<p>Bleibt die Frage nach dem Denkmalschutz. Das ICC steht aus unerfindlichen Gr\u00fcnden nicht unter Schutz. Ob eine Unterschutzstellung zur Erhaltung beitragen w\u00fcrde, ist aber keineswegs sicher: Die Deutschlandhalle war ebenfalls denkmalgesch\u00fctzt und wurde trotzdem abgerissen. F\u00fcr den &#8222;City-Cube&#8220;. Irgendwo schlie\u00dft sich immer ein Kreis.<\/p>\n<p><em>Die <a href=\"http:\/\/www.baunetz.de\/baunetzwoche\/baunetzwoche_ausgabe_2620341.html\" target=\"_blank\">Baunetzwoche#280<\/a> besch\u00e4ftigt sich mit dem ICC und der Frage der Unterschutzstellung.<\/em><\/p>\n","protected":false},"excerpt":{"rendered":"<p>Das Internationale Congress Centrum (ICC) am Berliner Funkturm ist das wohl bekannteste Raumschiff der Space-Age-Architektur der siebziger Jahre. Als Kongresszentrum bis heute hochgelobt und preisgekr\u00f6nt, wird es dennoch im n\u00e4chsten Jahr geschlossen \u2013 und zwar f\u00fcr immer. Folge einer konsequent kopflosen Politik.<\/p>\n","protected":false},"author":1,"featured_media":0,"comment_status":"open","ping_status":"open","sticky":false,"template":"","format":"standard","meta":{"footnotes":""},"categories":[1,6,15],"tags":[],"class_list":["post-2153","post","type-post","status-publish","format-standard","hentry","category-allgemein","category-architektur","category-gesellschaft-und-politik"],"_links":{"self":[{"href":"https:\/\/blog.hotze.net\/index.php?rest_route=\/wp\/v2\/posts\/2153","targetHints":{"allow":["GET"]}}],"collection":[{"href":"https:\/\/blog.hotze.net\/index.php?rest_route=\/wp\/v2\/posts"}],"about":[{"href":"https:\/\/blog.hotze.net\/index.php?rest_route=\/wp\/v2\/types\/post"}],"author":[{"embeddable":true,"href":"https:\/\/blog.hotze.net\/index.php?rest_route=\/wp\/v2\/users\/1"}],"replies":[{"embeddable":true,"href":"https:\/\/blog.hotze.net\/index.php?rest_route=%2Fwp%2Fv2%2Fcomments&post=2153"}],"version-history":[{"count":20,"href":"https:\/\/blog.hotze.net\/index.php?rest_route=\/wp\/v2\/posts\/2153\/revisions"}],"predecessor-version":[{"id":2176,"href":"https:\/\/blog.hotze.net\/index.php?rest_route=\/wp\/v2\/posts\/2153\/revisions\/2176"}],"wp:attachment":[{"href":"https:\/\/blog.hotze.net\/index.php?rest_route=%2Fwp%2Fv2%2Fmedia&parent=2153"}],"wp:term":[{"taxonomy":"category","embeddable":true,"href":"https:\/\/blog.hotze.net\/index.php?rest_route=%2Fwp%2Fv2%2Fcategories&post=2153"},{"taxonomy":"post_tag","embeddable":true,"href":"https:\/\/blog.hotze.net\/index.php?rest_route=%2Fwp%2Fv2%2Ftags&post=2153"}],"curies":[{"name":"wp","href":"https:\/\/api.w.org\/{rel}","templated":true}]}}