{"id":36,"date":"2009-12-14T16:20:23","date_gmt":"2009-12-14T16:20:23","guid":{"rendered":"http:\/\/blog.hotze.net\/?p=36"},"modified":"2009-12-16T22:39:18","modified_gmt":"2009-12-16T22:39:18","slug":"spiegel-boulevard-tv","status":"publish","type":"post","link":"https:\/\/blog.hotze.net\/?p=36","title":{"rendered":"Spiegel Boulevard TV"},"content":{"rendered":"<p>In einem Zeitungskommentar \u00fcber das <em>ZDF<\/em> las ich vor wenigen Tagen die wohl wahre Beobachtung, dass viele j\u00fcngere Menschen diesen Sender gar nicht kennten. Damit wurde auf das <em>Kukident<\/em>-Image des <em>ZDF<\/em> und seines Programms angespielt, das die j\u00fcngere Zielgruppe wohl scharenweise zu den Angeboten der Privatsender treibe.<\/p>\n<p>Ich gebe zu, dass ich es umgekehrt halte: F\u00fcr mich ist die Welt der privaten Fernsehsender eine fremde, die ich ohne Not schon seit Jahren nicht mehr betrete. <!--more-->Nicht nur, dass hier die Sendungen permanent durch schreiende Werbung (und Eigenwerbung) unterbrochen werden; mir ist auch die Zeit\u00a0 f\u00fcr ein\u00a0 &#8222;Programm&#8220; zu schade, das ausschlie\u00dflich auf Massenwirksamkeit und Quote zielend produziert bzw. eingekauft wird.<\/p>\n<p>Das war nicht immer so; zu Anfangszeiten des Privatfernsehens habe ich durchaus die eine oder andere Sendung gern gesehen: <em>Talk im Turm<\/em> mit Erich B\u00f6hme (und Sandra Maischberger) war so ein Fall. Und nat\u00fcrlich <em>Spiegel TV<\/em>, damals von und mit Stefan Aust. Das war innovativer TV-Journalismus, meinungsstark, investigativ, schnell. Nicht von ungef\u00e4hr, dass ausgerechnet <em>Spiegel TV<\/em> (und niemand sonst) mit der Kamera vor Ort war, als am Grenz\u00fcbergang Bornholmer Stra\u00dfe der Schlagbaum ge\u00f6ffnet wurde \u2013 an jenem 9. November 1989. Die DDR-Korrespondenten des &#8222;etablierten&#8220; West-Fersehens hockten derweil in der Lobby eines Ost-Berliner Devisenhotels herum und glaubten, damit nahe genug am Geschehen zu sein. Was f\u00fcr ein Fehler!<\/p>\n<p>Damals wie heute verdanken Sendungen wie <em>Spiegel TV<\/em> ihre Existenz im privaten Fernsehen nicht etwa der Einsicht der Macher dieser Sender. Es gibt vielmehr eine staatliche Auflage, mit der die Privatsender gezwungen sind, so genannte &#8222;Fremdfenster&#8220; f\u00fcr seri\u00f6se Informations- und Kulturprogramme freizuhalten. Ich hatte gestern die Gelegenheit, nach vielen Jahren Abstinenz mal wieder eine in diesem Zusammenhang entstandene Folge von <em>Spiegel TV<\/em> auf <em>RTL<\/em> zu sehen. Das Ergebnis war allerdings \u2013 verheerend.<\/p>\n<p>Da gibt es einen Beitrag \u00fcber einen &#8222;Mietnomanden&#8220;. Was durchaus aufkl\u00e4rerisches Potenzial h\u00e4tte haben k\u00f6nnen, wurde zum peinlichen Pranger: Ein \u00e4lterer Herr, der von &#8222;M\u00e4ngeln&#8220; und &#8222;Mietminderung&#8220; sprach, wurde zum &#8222;B\u00f6sen&#8220; stilisiert, eine \u00e4ltere Dame dagegen als geprellte Vermieterin aufgebaut. Ein allt\u00e4glicher Mietrechtsstreit, bei dem der Zuschauer gar keine Chance hatte, die wahren Zusammenh\u00e4nge zu durchschauen. Diese w\u00e4ren auch gesellschaftlich und politisch ohne jede Relevanz gewesen. Statt dessen wurde der &#8222;B\u00f6se&#8220; von <em>Spiegel TV<\/em> mit der Kamera gejagt, auf der Stra\u00dfe wie auf dem Gerichtsflur. Ein Interesse der \u00d6ffentlichkeit an der &#8222;Aufkl\u00e4rung&#8220; dieses Falles war weit und breit nicht zu erkennen. Das hier war ja nicht Honecker in Wandlitz oder Guttenberg in Kundus, das war ein namenloser Mitb\u00fcrger, der sich nicht wehren konnte. Was wir hier sahen, war Boulevard in Reinform: Emotionen ersetzen Fakten, Menschen werden gnadenlos vorgef\u00fchrt.<\/p>\n<p>Wer das f\u00fcr einen Ausrutscher hielt, bekam im n\u00e4chsten Beitrag irgendwelche W\u00fcnschelruten vorgef\u00fchrt. Investigativer Journalismus? Politische Relevanz?\u00a0 Das sieht anders aus, liebes <em>Spiegel TV<\/em>.<\/p>\n<p>Ich war jedenfalls dankbar f\u00fcr diesen Einblick ins Privatfernsehen, auch wenn er meine Vorurteile best\u00e4tigt hat: Auch die &#8222;Fremdfenster&#8220; im Kommerz-TV haben sich inzwischen also im Niveau nach unten angepasst, so wie es die \u00f6ffentlich-rechtlichen Sender unter dem unsinnigen Quotendruck seit Jahren ebenfalls tun. Aber das ist eine andere Geschichte. In der dann wieder das <em>ZDF<\/em> vorkommt.<\/p>\n","protected":false},"excerpt":{"rendered":"<p>In einem Zeitungskommentar \u00fcber das ZDF las ich vor wenigen Tagen die wohl wahre Beobachtung, dass viele j\u00fcngere Menschen diesen Sender gar nicht kennten. Damit wurde auf das Kukident-Image des ZDF und seines Programms angespielt, das die j\u00fcngere Zielgruppe wohl scharenweise zu den Angeboten der Privatsender treibe. Ich gebe zu, dass ich es umgekehrt halte: [&hellip;]<\/p>\n","protected":false},"author":1,"featured_media":0,"comment_status":"open","ping_status":"open","sticky":false,"template":"","format":"standard","meta":{"footnotes":""},"categories":[4],"tags":[],"class_list":["post-36","post","type-post","status-publish","format-standard","hentry","category-medien"],"_links":{"self":[{"href":"https:\/\/blog.hotze.net\/index.php?rest_route=\/wp\/v2\/posts\/36","targetHints":{"allow":["GET"]}}],"collection":[{"href":"https:\/\/blog.hotze.net\/index.php?rest_route=\/wp\/v2\/posts"}],"about":[{"href":"https:\/\/blog.hotze.net\/index.php?rest_route=\/wp\/v2\/types\/post"}],"author":[{"embeddable":true,"href":"https:\/\/blog.hotze.net\/index.php?rest_route=\/wp\/v2\/users\/1"}],"replies":[{"embeddable":true,"href":"https:\/\/blog.hotze.net\/index.php?rest_route=%2Fwp%2Fv2%2Fcomments&post=36"}],"version-history":[{"count":9,"href":"https:\/\/blog.hotze.net\/index.php?rest_route=\/wp\/v2\/posts\/36\/revisions"}],"predecessor-version":[{"id":59,"href":"https:\/\/blog.hotze.net\/index.php?rest_route=\/wp\/v2\/posts\/36\/revisions\/59"}],"wp:attachment":[{"href":"https:\/\/blog.hotze.net\/index.php?rest_route=%2Fwp%2Fv2%2Fmedia&parent=36"}],"wp:term":[{"taxonomy":"category","embeddable":true,"href":"https:\/\/blog.hotze.net\/index.php?rest_route=%2Fwp%2Fv2%2Fcategories&post=36"},{"taxonomy":"post_tag","embeddable":true,"href":"https:\/\/blog.hotze.net\/index.php?rest_route=%2Fwp%2Fv2%2Ftags&post=36"}],"curies":[{"name":"wp","href":"https:\/\/api.w.org\/{rel}","templated":true}]}}