{"id":3602,"date":"2017-09-03T23:15:41","date_gmt":"2017-09-03T21:15:41","guid":{"rendered":"http:\/\/blog.hotze.net\/?p=3602"},"modified":"2017-09-09T11:27:47","modified_gmt":"2017-09-09T09:27:47","slug":"moderne-architektur-in-luckenwalde-ein-kurzbesuch","status":"publish","type":"post","link":"https:\/\/blog.hotze.net\/?p=3602","title":{"rendered":"Moderne Architektur in Luckenwalde &#8211; ein Kurzbesuch"},"content":{"rendered":"<p><strong>Erich Mendelsohns Hutfabrik hat den Ortsnamen Luckenwalde f\u00fcr alle Zeiten in die internationale Architekturgeschichte einbeschrieben. Das schrumpfende St\u00e4dtchen s\u00fcdlich von Berlin hat aber noch mehr aus der Epoche der klassischen Moderne zu bieten. iPhone-Knipsfotos als Ausbeute einer Zwei-Stunden-Stippvisite am Sonntagnachmittag&#8230;<\/strong><\/p>\n<p><a href=\"https:\/\/blog.hotze.net\/wp-content\/uploads\/2017\/09\/IMG_0813-e1504948554323.jpg\"><img loading=\"lazy\" decoding=\"async\" class=\"alignnone wp-image-3605\" src=\"https:\/\/blog.hotze.net\/wp-content\/uploads\/2017\/09\/IMG_0813-e1504948554323.jpg\" alt=\"\" width=\"700\" height=\"525\" srcset=\"https:\/\/blog.hotze.net\/wp-content\/uploads\/2017\/09\/IMG_0813-e1504948554323.jpg 3264w, https:\/\/blog.hotze.net\/wp-content\/uploads\/2017\/09\/IMG_0813-e1504948554323-200x150.jpg 200w, https:\/\/blog.hotze.net\/wp-content\/uploads\/2017\/09\/IMG_0813-e1504948554323-400x300.jpg 400w, https:\/\/blog.hotze.net\/wp-content\/uploads\/2017\/09\/IMG_0813-e1504948554323-768x576.jpg 768w, https:\/\/blog.hotze.net\/wp-content\/uploads\/2017\/09\/IMG_0813-e1504948554323-1024x768.jpg 1024w\" sizes=\"auto, (max-width: 700px) 100vw, 700px\" \/><\/a><strong><br \/>\n<!--more--><\/strong><\/p>\n<p>Friedrich-Ebert-Schule (bauzeitlich: Hindenburg-Schule) und Stadttheater in der Theaterstra\u00dfe bilden ein klassisch modernes Ensemble aus den Jahren 1927 bis 1930, entworfen von Paul Backes, Rudolf Brennecke und Hans Graf, restauriert 1993-97. Sicherlich das eindrucksvollste Geb\u00e4ude des Neuen Bauens in Luckenwalde neben der Hutfabrik.<\/p>\n<p><a href=\"https:\/\/blog.hotze.net\/wp-content\/uploads\/2017\/09\/IMG_0810-e1504948668527.jpg\"><img loading=\"lazy\" decoding=\"async\" class=\"alignnone wp-image-3609\" src=\"https:\/\/blog.hotze.net\/wp-content\/uploads\/2017\/09\/IMG_0810-e1504948668527.jpg\" alt=\"\" width=\"700\" height=\"525\" srcset=\"https:\/\/blog.hotze.net\/wp-content\/uploads\/2017\/09\/IMG_0810-e1504948668527.jpg 3264w, https:\/\/blog.hotze.net\/wp-content\/uploads\/2017\/09\/IMG_0810-e1504948668527-200x150.jpg 200w, https:\/\/blog.hotze.net\/wp-content\/uploads\/2017\/09\/IMG_0810-e1504948668527-400x300.jpg 400w, https:\/\/blog.hotze.net\/wp-content\/uploads\/2017\/09\/IMG_0810-e1504948668527-768x576.jpg 768w, https:\/\/blog.hotze.net\/wp-content\/uploads\/2017\/09\/IMG_0810-e1504948668527-1024x768.jpg 1024w\" sizes=\"auto, (max-width: 700px) 100vw, 700px\" \/><\/a><\/p>\n<p><a href=\"https:\/\/blog.hotze.net\/wp-content\/uploads\/2017\/09\/IMG_0817-e1504948745330.jpg\"><img loading=\"lazy\" decoding=\"async\" class=\"alignnone wp-image-3633\" src=\"https:\/\/blog.hotze.net\/wp-content\/uploads\/2017\/09\/IMG_0817-e1504948745330.jpg\" alt=\"\" width=\"700\" height=\"525\" srcset=\"https:\/\/blog.hotze.net\/wp-content\/uploads\/2017\/09\/IMG_0817-e1504948745330.jpg 3264w, https:\/\/blog.hotze.net\/wp-content\/uploads\/2017\/09\/IMG_0817-e1504948745330-200x150.jpg 200w, https:\/\/blog.hotze.net\/wp-content\/uploads\/2017\/09\/IMG_0817-e1504948745330-400x300.jpg 400w, https:\/\/blog.hotze.net\/wp-content\/uploads\/2017\/09\/IMG_0817-e1504948745330-768x576.jpg 768w, https:\/\/blog.hotze.net\/wp-content\/uploads\/2017\/09\/IMG_0817-e1504948745330-1024x768.jpg 1024w\" sizes=\"auto, (max-width: 700px) 100vw, 700px\" \/><\/a>Links im Bild der Bunker &#8222;Salzgitter&#8220; von 1944, der ebenfalls unter Denkmalschutz steht.<\/p>\n<p><a href=\"https:\/\/blog.hotze.net\/wp-content\/uploads\/2017\/09\/IMG_0812-e1504948845295.jpg\"><img loading=\"lazy\" decoding=\"async\" class=\"alignnone wp-image-3617\" src=\"https:\/\/blog.hotze.net\/wp-content\/uploads\/2017\/09\/IMG_0812-e1504948845295.jpg\" alt=\"\" width=\"700\" height=\"525\" srcset=\"https:\/\/blog.hotze.net\/wp-content\/uploads\/2017\/09\/IMG_0812-e1504948845295.jpg 3264w, https:\/\/blog.hotze.net\/wp-content\/uploads\/2017\/09\/IMG_0812-e1504948845295-200x150.jpg 200w, https:\/\/blog.hotze.net\/wp-content\/uploads\/2017\/09\/IMG_0812-e1504948845295-400x300.jpg 400w, https:\/\/blog.hotze.net\/wp-content\/uploads\/2017\/09\/IMG_0812-e1504948845295-768x576.jpg 768w, https:\/\/blog.hotze.net\/wp-content\/uploads\/2017\/09\/IMG_0812-e1504948845295-1024x768.jpg 1024w\" sizes=\"auto, (max-width: 700px) 100vw, 700px\" \/><\/a>Gegen\u00fcber der Schule liegt das ehem. Katasteramt (Theaterstra\u00dfe 16d), 1928\/29 von Paul Backes. &#8222;Expressionistische Details&#8220;, attestiert der Dehio. Ich finde den Bau schwer.<\/p>\n<p><a href=\"https:\/\/blog.hotze.net\/wp-content\/uploads\/2017\/09\/IMG_0809-e1504948917876.jpg\"><img loading=\"lazy\" decoding=\"async\" class=\"alignnone wp-image-3612\" src=\"https:\/\/blog.hotze.net\/wp-content\/uploads\/2017\/09\/IMG_0809-e1504948917876.jpg\" alt=\"\" width=\"700\" height=\"525\" srcset=\"https:\/\/blog.hotze.net\/wp-content\/uploads\/2017\/09\/IMG_0809-e1504948917876.jpg 3264w, https:\/\/blog.hotze.net\/wp-content\/uploads\/2017\/09\/IMG_0809-e1504948917876-200x150.jpg 200w, https:\/\/blog.hotze.net\/wp-content\/uploads\/2017\/09\/IMG_0809-e1504948917876-400x300.jpg 400w, https:\/\/blog.hotze.net\/wp-content\/uploads\/2017\/09\/IMG_0809-e1504948917876-768x576.jpg 768w, https:\/\/blog.hotze.net\/wp-content\/uploads\/2017\/09\/IMG_0809-e1504948917876-1024x768.jpg 1024w\" sizes=\"auto, (max-width: 700px) 100vw, 700px\" \/><\/a><\/p>\n<p>Kommen wir zum Siedlungsbau des 20. Jahrhunderts: Die Siedlung &#8222;Am Anger&#8220;, errichtet um 1920 von Josef Bischof unter Mitarbeit von Richard Neutra, der damals im Bauamt Luckenwalde besch\u00e4ftigt war. Seinen Luckenwalder Friedhof habe ich dieses Mal nicht besucht. Der Dehio m\u00e4kelt \u00fcber &#8222;Am Anger&#8220;: &#8222;Konservative Formen des Heimatschutzstils, d\u00f6rflichen Strukturen angen\u00e4hert&#8220;. Ich finds gut, vor allem die D\u00e4cher, die zwischen Zollinger und Tonne changieren&#8230;<\/p>\n<p><a href=\"https:\/\/blog.hotze.net\/wp-content\/uploads\/2017\/09\/IMG_0794-1-e1504948993752.jpg\"><img loading=\"lazy\" decoding=\"async\" class=\"alignnone wp-image-3640\" src=\"https:\/\/blog.hotze.net\/wp-content\/uploads\/2017\/09\/IMG_0794-1-e1504948993752.jpg\" alt=\"\" width=\"700\" height=\"525\" srcset=\"https:\/\/blog.hotze.net\/wp-content\/uploads\/2017\/09\/IMG_0794-1-e1504948993752.jpg 3264w, https:\/\/blog.hotze.net\/wp-content\/uploads\/2017\/09\/IMG_0794-1-e1504948993752-200x150.jpg 200w, https:\/\/blog.hotze.net\/wp-content\/uploads\/2017\/09\/IMG_0794-1-e1504948993752-400x300.jpg 400w, https:\/\/blog.hotze.net\/wp-content\/uploads\/2017\/09\/IMG_0794-1-e1504948993752-768x576.jpg 768w, https:\/\/blog.hotze.net\/wp-content\/uploads\/2017\/09\/IMG_0794-1-e1504948993752-1024x768.jpg 1024w\" sizes=\"auto, (max-width: 700px) 100vw, 700px\" \/><\/a>Siedlung Upstallweg von Erich Mendelsohn, 1919\/20. Trotz der wiederhergestellten expressiven Farbigkeit wurden Plastet\u00fcren und -fenster aus dem Baumarkt verbaut. Die Siedlung war urspr\u00fcnglich wesentlich gr\u00f6\u00dfer geplant.<\/p>\n<p><a href=\"https:\/\/blog.hotze.net\/wp-content\/uploads\/2017\/09\/IMG_0801.jpg\"><img loading=\"lazy\" decoding=\"async\" class=\"alignnone wp-image-3614\" src=\"https:\/\/blog.hotze.net\/wp-content\/uploads\/2017\/09\/IMG_0801.jpg\" alt=\"\" width=\"700\" height=\"525\" srcset=\"https:\/\/blog.hotze.net\/wp-content\/uploads\/2017\/09\/IMG_0801.jpg 3264w, https:\/\/blog.hotze.net\/wp-content\/uploads\/2017\/09\/IMG_0801-200x150.jpg 200w, https:\/\/blog.hotze.net\/wp-content\/uploads\/2017\/09\/IMG_0801-400x300.jpg 400w, https:\/\/blog.hotze.net\/wp-content\/uploads\/2017\/09\/IMG_0801-768x576.jpg 768w, https:\/\/blog.hotze.net\/wp-content\/uploads\/2017\/09\/IMG_0801-1024x768.jpg 1024w\" sizes=\"auto, (max-width: 700px) 100vw, 700px\" \/><\/a>Die Volksheimsiedlung von 1928-32 von Willy Ludwig ist ein echtes Luckenwalder Highlight. Gewerkschaften waren Tr\u00e4ger des Projekts, in das alle verf\u00fcgbaren Hauszinssteuern der Stadt dieser Jahre gelenkt wurden &#8211; so sagt es die Tafel an den H\u00e4usern. Sanierung ab 1998; erkennbar ist, dass die Loggien denkmalgerecht verglast wurden.<\/p>\n<p><a href=\"https:\/\/blog.hotze.net\/wp-content\/uploads\/2017\/09\/IMG_0800.jpg\"><img loading=\"lazy\" decoding=\"async\" class=\"alignnone wp-image-3615\" src=\"https:\/\/blog.hotze.net\/wp-content\/uploads\/2017\/09\/IMG_0800.jpg\" alt=\"\" width=\"700\" height=\"525\" srcset=\"https:\/\/blog.hotze.net\/wp-content\/uploads\/2017\/09\/IMG_0800.jpg 3264w, https:\/\/blog.hotze.net\/wp-content\/uploads\/2017\/09\/IMG_0800-200x150.jpg 200w, https:\/\/blog.hotze.net\/wp-content\/uploads\/2017\/09\/IMG_0800-400x300.jpg 400w, https:\/\/blog.hotze.net\/wp-content\/uploads\/2017\/09\/IMG_0800-768x576.jpg 768w, https:\/\/blog.hotze.net\/wp-content\/uploads\/2017\/09\/IMG_0800-1024x768.jpg 1024w\" sizes=\"auto, (max-width: 700px) 100vw, 700px\" \/><\/a> <a href=\"https:\/\/blog.hotze.net\/wp-content\/uploads\/2017\/09\/IMG_0808-e1504949075764.jpg\"><img loading=\"lazy\" decoding=\"async\" class=\"alignnone wp-image-3616\" src=\"https:\/\/blog.hotze.net\/wp-content\/uploads\/2017\/09\/IMG_0808-e1504949075764.jpg\" alt=\"\" width=\"700\" height=\"525\" srcset=\"https:\/\/blog.hotze.net\/wp-content\/uploads\/2017\/09\/IMG_0808-e1504949075764.jpg 3264w, https:\/\/blog.hotze.net\/wp-content\/uploads\/2017\/09\/IMG_0808-e1504949075764-200x150.jpg 200w, https:\/\/blog.hotze.net\/wp-content\/uploads\/2017\/09\/IMG_0808-e1504949075764-400x300.jpg 400w, https:\/\/blog.hotze.net\/wp-content\/uploads\/2017\/09\/IMG_0808-e1504949075764-768x576.jpg 768w, https:\/\/blog.hotze.net\/wp-content\/uploads\/2017\/09\/IMG_0808-e1504949075764-1024x768.jpg 1024w\" sizes=\"auto, (max-width: 700px) 100vw, 700px\" \/><\/a><\/p>\n<p>&nbsp;<\/p>\n<p><a href=\"https:\/\/blog.hotze.net\/wp-content\/uploads\/2017\/09\/IMG_0815.jpg\"><img loading=\"lazy\" decoding=\"async\" class=\"alignnone wp-image-3618\" src=\"https:\/\/blog.hotze.net\/wp-content\/uploads\/2017\/09\/IMG_0815.jpg\" alt=\"\" width=\"700\" height=\"525\" srcset=\"https:\/\/blog.hotze.net\/wp-content\/uploads\/2017\/09\/IMG_0815.jpg 3264w, https:\/\/blog.hotze.net\/wp-content\/uploads\/2017\/09\/IMG_0815-200x150.jpg 200w, https:\/\/blog.hotze.net\/wp-content\/uploads\/2017\/09\/IMG_0815-400x300.jpg 400w, https:\/\/blog.hotze.net\/wp-content\/uploads\/2017\/09\/IMG_0815-768x576.jpg 768w, https:\/\/blog.hotze.net\/wp-content\/uploads\/2017\/09\/IMG_0815-1024x768.jpg 1024w\" sizes=\"auto, (max-width: 700px) 100vw, 700px\" \/><\/a>Das Wohnhaus Dr. K\u00fcster von 1926 ist ein nobles expressionistisches Haus an der Theaterstra\u00dfe 16a und als Einzeldenkmal gesch\u00fctzt.<\/p>\n<p><a href=\"https:\/\/blog.hotze.net\/wp-content\/uploads\/2017\/09\/IMG_0845.jpg\"><img loading=\"lazy\" decoding=\"async\" class=\"alignnone wp-image-3620\" src=\"https:\/\/blog.hotze.net\/wp-content\/uploads\/2017\/09\/IMG_0845.jpg\" alt=\"\" width=\"700\" height=\"525\" srcset=\"https:\/\/blog.hotze.net\/wp-content\/uploads\/2017\/09\/IMG_0845.jpg 3264w, https:\/\/blog.hotze.net\/wp-content\/uploads\/2017\/09\/IMG_0845-200x150.jpg 200w, https:\/\/blog.hotze.net\/wp-content\/uploads\/2017\/09\/IMG_0845-400x300.jpg 400w, https:\/\/blog.hotze.net\/wp-content\/uploads\/2017\/09\/IMG_0845-768x576.jpg 768w, https:\/\/blog.hotze.net\/wp-content\/uploads\/2017\/09\/IMG_0845-1024x768.jpg 1024w\" sizes=\"auto, (max-width: 700px) 100vw, 700px\" \/><\/a>Die Villa in der Gartenstra\u00dfe 9b\u00a0sieht am Sonntag ungenutzt aus, ist es aber nicht. 1933-34 von W. Kurras, 1936\/37 aufgestockt<\/p>\n<p><a href=\"https:\/\/blog.hotze.net\/wp-content\/uploads\/2017\/09\/IMG_0824.jpg\"><img loading=\"lazy\" decoding=\"async\" class=\"alignnone wp-image-3621\" src=\"https:\/\/blog.hotze.net\/wp-content\/uploads\/2017\/09\/IMG_0824.jpg\" alt=\"\" width=\"700\" height=\"525\" srcset=\"https:\/\/blog.hotze.net\/wp-content\/uploads\/2017\/09\/IMG_0824.jpg 3264w, https:\/\/blog.hotze.net\/wp-content\/uploads\/2017\/09\/IMG_0824-200x150.jpg 200w, https:\/\/blog.hotze.net\/wp-content\/uploads\/2017\/09\/IMG_0824-400x300.jpg 400w, https:\/\/blog.hotze.net\/wp-content\/uploads\/2017\/09\/IMG_0824-768x576.jpg 768w, https:\/\/blog.hotze.net\/wp-content\/uploads\/2017\/09\/IMG_0824-1024x768.jpg 1024w\" sizes=\"auto, (max-width: 700px) 100vw, 700px\" \/><\/a> <a href=\"https:\/\/blog.hotze.net\/wp-content\/uploads\/2017\/09\/IMG_0825-e1504949150498.jpg\"><img loading=\"lazy\" decoding=\"async\" class=\"alignnone wp-image-3622\" src=\"https:\/\/blog.hotze.net\/wp-content\/uploads\/2017\/09\/IMG_0825-e1504949150498.jpg\" alt=\"\" width=\"700\" height=\"525\" srcset=\"https:\/\/blog.hotze.net\/wp-content\/uploads\/2017\/09\/IMG_0825-e1504949150498.jpg 3264w, https:\/\/blog.hotze.net\/wp-content\/uploads\/2017\/09\/IMG_0825-e1504949150498-200x150.jpg 200w, https:\/\/blog.hotze.net\/wp-content\/uploads\/2017\/09\/IMG_0825-e1504949150498-400x300.jpg 400w, https:\/\/blog.hotze.net\/wp-content\/uploads\/2017\/09\/IMG_0825-e1504949150498-768x576.jpg 768w, https:\/\/blog.hotze.net\/wp-content\/uploads\/2017\/09\/IMG_0825-e1504949150498-1024x768.jpg 1024w\" sizes=\"auto, (max-width: 700px) 100vw, 700px\" \/><\/a>Das ehemalige Arbeitsamt von Paul Backes (1929) sieht wie ein Wohnhaus aus. Noble expressionistische Details, im Original erhalten (Gro\u00dfe Weinbergstra\u00dfe 42)<\/p>\n<p><a href=\"https:\/\/blog.hotze.net\/wp-content\/uploads\/2017\/09\/IMG_0826-e1504949226667.jpg\"><img loading=\"lazy\" decoding=\"async\" class=\"alignnone wp-image-3623\" src=\"https:\/\/blog.hotze.net\/wp-content\/uploads\/2017\/09\/IMG_0826-e1504949226667.jpg\" alt=\"\" width=\"700\" height=\"525\" srcset=\"https:\/\/blog.hotze.net\/wp-content\/uploads\/2017\/09\/IMG_0826-e1504949226667.jpg 3264w, https:\/\/blog.hotze.net\/wp-content\/uploads\/2017\/09\/IMG_0826-e1504949226667-200x150.jpg 200w, https:\/\/blog.hotze.net\/wp-content\/uploads\/2017\/09\/IMG_0826-e1504949226667-400x300.jpg 400w, https:\/\/blog.hotze.net\/wp-content\/uploads\/2017\/09\/IMG_0826-e1504949226667-768x576.jpg 768w, https:\/\/blog.hotze.net\/wp-content\/uploads\/2017\/09\/IMG_0826-e1504949226667-1024x768.jpg 1024w\" sizes=\"auto, (max-width: 700px) 100vw, 700px\" \/><\/a>Ein leergefallener DDR-Bau neben dem Stadtbad&#8230;<\/p>\n<p><a href=\"https:\/\/blog.hotze.net\/wp-content\/uploads\/2017\/09\/IMG_0832.jpg\"><img loading=\"lazy\" decoding=\"async\" class=\"alignnone wp-image-3631\" src=\"https:\/\/blog.hotze.net\/wp-content\/uploads\/2017\/09\/IMG_0832.jpg\" alt=\"\" width=\"700\" height=\"525\" srcset=\"https:\/\/blog.hotze.net\/wp-content\/uploads\/2017\/09\/IMG_0832.jpg 3264w, https:\/\/blog.hotze.net\/wp-content\/uploads\/2017\/09\/IMG_0832-200x150.jpg 200w, https:\/\/blog.hotze.net\/wp-content\/uploads\/2017\/09\/IMG_0832-400x300.jpg 400w, https:\/\/blog.hotze.net\/wp-content\/uploads\/2017\/09\/IMG_0832-768x576.jpg 768w, https:\/\/blog.hotze.net\/wp-content\/uploads\/2017\/09\/IMG_0832-1024x768.jpg 1024w\" sizes=\"auto, (max-width: 700px) 100vw, 700px\" \/><\/a>Das Stadtbad des mit Siemens verbundenen Architekten Hans Hertlein von 1928 steht leider immer noch leer.<\/p>\n<p><a href=\"https:\/\/blog.hotze.net\/wp-content\/uploads\/2017\/09\/IMG_0835.jpg\"><img loading=\"lazy\" decoding=\"async\" class=\"alignnone wp-image-3625\" src=\"https:\/\/blog.hotze.net\/wp-content\/uploads\/2017\/09\/IMG_0835.jpg\" alt=\"\" width=\"700\" height=\"525\" srcset=\"https:\/\/blog.hotze.net\/wp-content\/uploads\/2017\/09\/IMG_0835.jpg 3264w, https:\/\/blog.hotze.net\/wp-content\/uploads\/2017\/09\/IMG_0835-200x150.jpg 200w, https:\/\/blog.hotze.net\/wp-content\/uploads\/2017\/09\/IMG_0835-400x300.jpg 400w, https:\/\/blog.hotze.net\/wp-content\/uploads\/2017\/09\/IMG_0835-768x576.jpg 768w, https:\/\/blog.hotze.net\/wp-content\/uploads\/2017\/09\/IMG_0835-1024x768.jpg 1024w\" sizes=\"auto, (max-width: 700px) 100vw, 700px\" \/><\/a>Auf dem Weg zur Hutfabrik f\u00e4llt noch die Wohnsiedlung &#8222;Auf dem Sande&#8220; auf, 1919-28 von Josef Bischof<\/p>\n<p><a href=\"https:\/\/blog.hotze.net\/wp-content\/uploads\/2017\/09\/IMG_0839.jpg\"><img loading=\"lazy\" decoding=\"async\" class=\"alignnone wp-image-3626\" src=\"https:\/\/blog.hotze.net\/wp-content\/uploads\/2017\/09\/IMG_0839.jpg\" alt=\"\" width=\"700\" height=\"525\" srcset=\"https:\/\/blog.hotze.net\/wp-content\/uploads\/2017\/09\/IMG_0839.jpg 3264w, https:\/\/blog.hotze.net\/wp-content\/uploads\/2017\/09\/IMG_0839-200x150.jpg 200w, https:\/\/blog.hotze.net\/wp-content\/uploads\/2017\/09\/IMG_0839-400x300.jpg 400w, https:\/\/blog.hotze.net\/wp-content\/uploads\/2017\/09\/IMG_0839-768x576.jpg 768w, https:\/\/blog.hotze.net\/wp-content\/uploads\/2017\/09\/IMG_0839-1024x768.jpg 1024w\" sizes=\"auto, (max-width: 700px) 100vw, 700px\" \/><\/a> <a href=\"https:\/\/blog.hotze.net\/wp-content\/uploads\/2017\/09\/IMG_0841.jpg\"><img loading=\"lazy\" decoding=\"async\" class=\"alignnone wp-image-3627\" src=\"https:\/\/blog.hotze.net\/wp-content\/uploads\/2017\/09\/IMG_0841.jpg\" alt=\"\" width=\"700\" height=\"525\" srcset=\"https:\/\/blog.hotze.net\/wp-content\/uploads\/2017\/09\/IMG_0841.jpg 3264w, https:\/\/blog.hotze.net\/wp-content\/uploads\/2017\/09\/IMG_0841-200x150.jpg 200w, https:\/\/blog.hotze.net\/wp-content\/uploads\/2017\/09\/IMG_0841-400x300.jpg 400w, https:\/\/blog.hotze.net\/wp-content\/uploads\/2017\/09\/IMG_0841-768x576.jpg 768w, https:\/\/blog.hotze.net\/wp-content\/uploads\/2017\/09\/IMG_0841-1024x768.jpg 1024w\" sizes=\"auto, (max-width: 700px) 100vw, 700px\" \/><\/a><\/p>\n<p>Die Hutfabrik (Industriestra\u00dfe 2a) wurde 1921\/23 von Erich Mendelsohn errichtet. Die Besitzer mussten 1933 emigrieren und verkauften die Fabrik. Ab 1935 diente sie den Nazis zur Produktion von Luftabwehrwaffen. Im zweiten Weltkrieg wurde der charakteristische Hutaufsatz der F\u00e4rberei, der zur L\u00fcftung diente, abgerissen, um die Fabrik nicht zum Ziel von Bombenangriffen zu machen. In der DDR diente das Werk einem W\u00e4lzlagerkombinat, seit 1991 steht es leer. Der Hutaufsatz wurde 2006-11 in einer eher ruppigen Bauweise mit einer Dachpappen-Deckung rekonstruiert.<\/p>\n","protected":false},"excerpt":{"rendered":"<p>Erich Mendelsohns Hutfabrik hat den Ortsnamen Luckenwalde f\u00fcr alle Zeiten in die internationale Architekturgeschichte einbeschrieben. Das schrumpfende St\u00e4dtchen s\u00fcdlich von Berlin hat aber noch mehr aus der Epoche der klassischen Moderne zu bieten. iPhone-Knipsfotos als Ausbeute einer Zwei-Stunden-Stippvisite am Sonntagnachmittag&#8230;<\/p>\n","protected":false},"author":1,"featured_media":0,"comment_status":"open","ping_status":"open","sticky":false,"template":"","format":"standard","meta":{"footnotes":""},"categories":[1,6],"tags":[],"class_list":["post-3602","post","type-post","status-publish","format-standard","hentry","category-allgemein","category-architektur"],"_links":{"self":[{"href":"https:\/\/blog.hotze.net\/index.php?rest_route=\/wp\/v2\/posts\/3602","targetHints":{"allow":["GET"]}}],"collection":[{"href":"https:\/\/blog.hotze.net\/index.php?rest_route=\/wp\/v2\/posts"}],"about":[{"href":"https:\/\/blog.hotze.net\/index.php?rest_route=\/wp\/v2\/types\/post"}],"author":[{"embeddable":true,"href":"https:\/\/blog.hotze.net\/index.php?rest_route=\/wp\/v2\/users\/1"}],"replies":[{"embeddable":true,"href":"https:\/\/blog.hotze.net\/index.php?rest_route=%2Fwp%2Fv2%2Fcomments&post=3602"}],"version-history":[{"count":41,"href":"https:\/\/blog.hotze.net\/index.php?rest_route=\/wp\/v2\/posts\/3602\/revisions"}],"predecessor-version":[{"id":3664,"href":"https:\/\/blog.hotze.net\/index.php?rest_route=\/wp\/v2\/posts\/3602\/revisions\/3664"}],"wp:attachment":[{"href":"https:\/\/blog.hotze.net\/index.php?rest_route=%2Fwp%2Fv2%2Fmedia&parent=3602"}],"wp:term":[{"taxonomy":"category","embeddable":true,"href":"https:\/\/blog.hotze.net\/index.php?rest_route=%2Fwp%2Fv2%2Fcategories&post=3602"},{"taxonomy":"post_tag","embeddable":true,"href":"https:\/\/blog.hotze.net\/index.php?rest_route=%2Fwp%2Fv2%2Ftags&post=3602"}],"curies":[{"name":"wp","href":"https:\/\/api.w.org\/{rel}","templated":true}]}}