{"id":3715,"date":"2017-11-19T19:24:03","date_gmt":"2017-11-19T18:24:03","guid":{"rendered":"http:\/\/blog.hotze.net\/?p=3715"},"modified":"2018-03-10T14:24:42","modified_gmt":"2018-03-10T13:24:42","slug":"von-friedenau-nach-zehlendorf-baudenkmaeler-auf-einer-mobilen-karte","status":"publish","type":"post","link":"https:\/\/blog.hotze.net\/?p=3715","title":{"rendered":"Von Friedenau nach Zehlendorf \u2014 Baudenkm\u00e4ler auf einer mobilen Karte"},"content":{"rendered":"<p><strong>Das Landesdenkmalamt Berlin ver\u00f6ffentlicht seine Denkmalkarte auch in einer mobilen Version. Am Beispiel eines meiner allt\u00e4glichen Fahrradwege von A nach B habe ich beide Versionen unterwegs getestet.<\/strong><\/p>\n<p><a href=\"https:\/\/blog.hotze.net\/wp-content\/uploads\/2017\/10\/6E38A57C-E78D-48B1-81A7-1175B629E2E4-e1508079298495.jpeg\"><img loading=\"lazy\" decoding=\"async\" class=\"alignnone wp-image-3668\" src=\"https:\/\/blog.hotze.net\/wp-content\/uploads\/2017\/10\/6E38A57C-E78D-48B1-81A7-1175B629E2E4-e1508079298495.jpeg\" alt=\"\" width=\"700\" height=\"525\" srcset=\"https:\/\/blog.hotze.net\/wp-content\/uploads\/2017\/10\/6E38A57C-E78D-48B1-81A7-1175B629E2E4-e1508079298495.jpeg 3264w, https:\/\/blog.hotze.net\/wp-content\/uploads\/2017\/10\/6E38A57C-E78D-48B1-81A7-1175B629E2E4-e1508079298495-200x150.jpeg 200w, https:\/\/blog.hotze.net\/wp-content\/uploads\/2017\/10\/6E38A57C-E78D-48B1-81A7-1175B629E2E4-e1508079298495-400x300.jpeg 400w, https:\/\/blog.hotze.net\/wp-content\/uploads\/2017\/10\/6E38A57C-E78D-48B1-81A7-1175B629E2E4-e1508079298495-768x576.jpeg 768w, https:\/\/blog.hotze.net\/wp-content\/uploads\/2017\/10\/6E38A57C-E78D-48B1-81A7-1175B629E2E4-e1508079298495-1024x768.jpeg 1024w\" sizes=\"auto, (max-width: 700px) 100vw, 700px\" \/><\/a><\/p>\n<p><!--more-->Die eigentliche \u201e<a href=\"http:\/\/www.stadtentwicklung.berlin.de\/denkmal\/liste_karte_datenbank\/de\/denkmalkarte\/index.shtml\">Geb\u00e4udescharfe Denkmalkarte im Geoportal<\/a>\u201c ist sehr sperrig und erm\u00f6glicht keinen Direktsprung von einem markierten Geb\u00e4ude zu dessen Eintrag in der Denkmalliste. Daher habe ich dankbar auf die inzwischen verf\u00fcgbare \u201e<a href=\"http:\/\/www.stadtentwicklung.berlin.de\/denkmal\/liste_karte_datenbank\/de\/denkmalkarte\/mobil.shtml\">Denkmalkarte f\u00fcr mobile Endger\u00e4te<\/a>\u201c zur\u00fcckgegriffen. Diese ist allerdings keine eigene Applikation, sondern eine Website mit einer darin eingebetteten Google Map. Hier ist ein Sprung von einer Markierung in der Karte zu den hinterlegten Infos m\u00f6glich. Zun\u00e4chst geht bei \u201eMouse over\u201c eine Pop-Up-Zeile noch in der Karte auf; bei Klick darauf wechselt der Browser in einem neuen Tab zum eigentlichen Inhalt.<\/p>\n<p>Ich starte am Grazer Damm in Berlin- Sch\u00f6neberg.<\/p>\n<p><a href=\"https:\/\/blog.hotze.net\/wp-content\/uploads\/2017\/10\/63D60EE3-E167-4BFB-8C52-025595D7278D-e1508081358661.jpeg\"><img loading=\"lazy\" decoding=\"async\" class=\"alignnone wp-image-3679\" src=\"https:\/\/blog.hotze.net\/wp-content\/uploads\/2017\/10\/63D60EE3-E167-4BFB-8C52-025595D7278D-e1508081358661.jpeg\" alt=\"\" width=\"700\" height=\"525\" srcset=\"https:\/\/blog.hotze.net\/wp-content\/uploads\/2017\/10\/63D60EE3-E167-4BFB-8C52-025595D7278D-e1508081358661.jpeg 3264w, https:\/\/blog.hotze.net\/wp-content\/uploads\/2017\/10\/63D60EE3-E167-4BFB-8C52-025595D7278D-e1508081358661-200x150.jpeg 200w, https:\/\/blog.hotze.net\/wp-content\/uploads\/2017\/10\/63D60EE3-E167-4BFB-8C52-025595D7278D-e1508081358661-400x300.jpeg 400w, https:\/\/blog.hotze.net\/wp-content\/uploads\/2017\/10\/63D60EE3-E167-4BFB-8C52-025595D7278D-e1508081358661-768x576.jpeg 768w, https:\/\/blog.hotze.net\/wp-content\/uploads\/2017\/10\/63D60EE3-E167-4BFB-8C52-025595D7278D-e1508081358661-1024x768.jpeg 1024w\" sizes=\"auto, (max-width: 700px) 100vw, 700px\" \/><\/a><\/p>\n<p>Die rosafarbene punktuelle Markierung (rosa f\u00fcr Denkmalensemble) f\u00fcr die \u201eSiedlung am Grazer Damm\u201c liegt an dem kleinen Riemenschneiderweg; dass sie f\u00fcr die rund 2000 Wohnungen gilt, die 1938-40 beidseits des Grazer Damms errichtet wurden, erschlie\u00dft sich nur dem, der die Situation kennt. Dies ist eine erhebliche, wenn auch kaum vermeidliche Schw\u00e4che der mobilen Denkmalkarte und der Tatsache geschuldet, dass Google Maps nur Einzeladressen lokalisieren kann.<\/p>\n<p><a href=\"https:\/\/blog.hotze.net\/wp-content\/uploads\/2017\/11\/grazer-damm.jpg\"><img loading=\"lazy\" decoding=\"async\" class=\"alignnone size-full wp-image-3905\" src=\"https:\/\/blog.hotze.net\/wp-content\/uploads\/2017\/11\/grazer-damm.jpg\" alt=\"\" width=\"221\" height=\"575\" srcset=\"https:\/\/blog.hotze.net\/wp-content\/uploads\/2017\/11\/grazer-damm.jpg 221w, https:\/\/blog.hotze.net\/wp-content\/uploads\/2017\/11\/grazer-damm-58x150.jpg 58w, https:\/\/blog.hotze.net\/wp-content\/uploads\/2017\/11\/grazer-damm-115x300.jpg 115w\" sizes=\"auto, (max-width: 221px) 100vw, 221px\" \/><\/a><\/p>\n<p>Die relativ unbekannten Architekten Virchow, Pardon, Cramer und Danneberg haben hier auf dem \u201eSch\u00f6neberger S\u00fcdgel\u00e4nde\u201c auf Veranlassung von Albert Speer trutzige Walmdachbauten errichtet, die als Ersatzwohnraum f\u00fcr Mieter dienen sollten, die den Planungen f\u00fcr die \u201eWelthauptstadt Germania\u201c h\u00e4tten weichen m\u00fcssen. Dazu kam es gl\u00fccklicherweise nicht. Bemerkenswert an diesen Blut- und Boden-Bauten ist, dass sie schon damals nach Belangen des Luftschutzes \u201eaufgelockert\u201c geplant wurden: Das bedeutet, dass die Nazis bereits 1938 einen Bombenkrieg einkalkuliert haben.<\/p>\n<p><a href=\"https:\/\/blog.hotze.net\/wp-content\/uploads\/2017\/10\/E6649B36-C8BF-44D9-BA83-6C2B1E1D6363-e1508083171925.jpeg\"><img loading=\"lazy\" decoding=\"async\" class=\"alignnone wp-image-3685\" src=\"https:\/\/blog.hotze.net\/wp-content\/uploads\/2017\/10\/E6649B36-C8BF-44D9-BA83-6C2B1E1D6363-e1508083171925.jpeg\" alt=\"\" width=\"700\" height=\"933\" srcset=\"https:\/\/blog.hotze.net\/wp-content\/uploads\/2017\/10\/E6649B36-C8BF-44D9-BA83-6C2B1E1D6363-e1508083171925.jpeg 2448w, https:\/\/blog.hotze.net\/wp-content\/uploads\/2017\/10\/E6649B36-C8BF-44D9-BA83-6C2B1E1D6363-e1508083171925-113x150.jpeg 113w, https:\/\/blog.hotze.net\/wp-content\/uploads\/2017\/10\/E6649B36-C8BF-44D9-BA83-6C2B1E1D6363-e1508083171925-225x300.jpeg 225w, https:\/\/blog.hotze.net\/wp-content\/uploads\/2017\/10\/E6649B36-C8BF-44D9-BA83-6C2B1E1D6363-e1508083171925-768x1024.jpeg 768w\" sizes=\"auto, (max-width: 700px) 100vw, 700px\" \/><\/a><\/p>\n<p>Das Helmholtz-Realgymnasium von Paul Egeling (1909) an der Rubensstra\u00dfe 63 zeigt einen zeittypischen vergr\u00f6berten Neobarock.<\/p>\n<p><a href=\"https:\/\/blog.hotze.net\/wp-content\/uploads\/2017\/10\/23243865-4B7D-4F71-8FE6-A89E9C7087C5-e1508083725166.jpeg\"><img loading=\"lazy\" decoding=\"async\" class=\"alignnone wp-image-3687\" src=\"https:\/\/blog.hotze.net\/wp-content\/uploads\/2017\/10\/23243865-4B7D-4F71-8FE6-A89E9C7087C5-e1508083725166.jpeg\" alt=\"\" width=\"700\" height=\"933\" srcset=\"https:\/\/blog.hotze.net\/wp-content\/uploads\/2017\/10\/23243865-4B7D-4F71-8FE6-A89E9C7087C5-e1508083725166.jpeg 2448w, https:\/\/blog.hotze.net\/wp-content\/uploads\/2017\/10\/23243865-4B7D-4F71-8FE6-A89E9C7087C5-e1508083725166-113x150.jpeg 113w, https:\/\/blog.hotze.net\/wp-content\/uploads\/2017\/10\/23243865-4B7D-4F71-8FE6-A89E9C7087C5-e1508083725166-225x300.jpeg 225w, https:\/\/blog.hotze.net\/wp-content\/uploads\/2017\/10\/23243865-4B7D-4F71-8FE6-A89E9C7087C5-e1508083725166-768x1024.jpeg 768w\" sizes=\"auto, (max-width: 700px) 100vw, 700px\" \/><\/a><\/p>\n<p>Bei der sch\u00f6nen St. Konrad-Kirche von Hans Schaefers (1957-61) kann man entweder den Campanile in der Stra\u00dfenfront oder das leicht zur\u00fcckgesetzte Schiff zeigen; beides passt kaum auf ein Mobiltelefon-Foto.<\/p>\n<p><a href=\"https:\/\/blog.hotze.net\/wp-content\/uploads\/2017\/10\/81377D10-0BDA-4CFD-A1EE-9B0544D02BD5-e1508084110602.jpeg\"><img loading=\"lazy\" decoding=\"async\" class=\"alignnone wp-image-3689\" src=\"https:\/\/blog.hotze.net\/wp-content\/uploads\/2017\/10\/81377D10-0BDA-4CFD-A1EE-9B0544D02BD5-e1508084110602.jpeg\" alt=\"\" width=\"700\" height=\"525\" srcset=\"https:\/\/blog.hotze.net\/wp-content\/uploads\/2017\/10\/81377D10-0BDA-4CFD-A1EE-9B0544D02BD5-e1508084110602.jpeg 3264w, https:\/\/blog.hotze.net\/wp-content\/uploads\/2017\/10\/81377D10-0BDA-4CFD-A1EE-9B0544D02BD5-e1508084110602-200x150.jpeg 200w, https:\/\/blog.hotze.net\/wp-content\/uploads\/2017\/10\/81377D10-0BDA-4CFD-A1EE-9B0544D02BD5-e1508084110602-400x300.jpeg 400w, https:\/\/blog.hotze.net\/wp-content\/uploads\/2017\/10\/81377D10-0BDA-4CFD-A1EE-9B0544D02BD5-e1508084110602-768x576.jpeg 768w, https:\/\/blog.hotze.net\/wp-content\/uploads\/2017\/10\/81377D10-0BDA-4CFD-A1EE-9B0544D02BD5-e1508084110602-1024x768.jpeg 1024w\" sizes=\"auto, (max-width: 700px) 100vw, 700px\" \/><\/a><\/p>\n<p>Gegen\u00fcber an der Rubensstra\u00dfe f\u00e4llt der r\u00fcckw\u00e4rtige Teil eines Geb\u00e4udes auf, das an der P\u00f6ppelmannstra\u00dfe steht und keinen Eintrag auf der Denkmalkarte hat.<\/p>\n<p><a href=\"https:\/\/blog.hotze.net\/wp-content\/uploads\/2017\/10\/2972C01E-C7AB-406E-BB9F-43C532F6B9F8-e1508084501300.jpeg\"><img loading=\"lazy\" decoding=\"async\" class=\"alignnone wp-image-3691\" src=\"https:\/\/blog.hotze.net\/wp-content\/uploads\/2017\/10\/2972C01E-C7AB-406E-BB9F-43C532F6B9F8-e1508084501300.jpeg\" alt=\"\" width=\"700\" height=\"525\" srcset=\"https:\/\/blog.hotze.net\/wp-content\/uploads\/2017\/10\/2972C01E-C7AB-406E-BB9F-43C532F6B9F8-e1508084501300.jpeg 3264w, https:\/\/blog.hotze.net\/wp-content\/uploads\/2017\/10\/2972C01E-C7AB-406E-BB9F-43C532F6B9F8-e1508084501300-200x150.jpeg 200w, https:\/\/blog.hotze.net\/wp-content\/uploads\/2017\/10\/2972C01E-C7AB-406E-BB9F-43C532F6B9F8-e1508084501300-400x300.jpeg 400w, https:\/\/blog.hotze.net\/wp-content\/uploads\/2017\/10\/2972C01E-C7AB-406E-BB9F-43C532F6B9F8-e1508084501300-768x576.jpeg 768w, https:\/\/blog.hotze.net\/wp-content\/uploads\/2017\/10\/2972C01E-C7AB-406E-BB9F-43C532F6B9F8-e1508084501300-1024x768.jpeg 1024w\" sizes=\"auto, (max-width: 700px) 100vw, 700px\" \/><\/a><\/p>\n<p>Von den Proportionen k\u00f6nnte es ein klassizistisches Tor sein, auch erw\u00e4ge ich einen Umbau eines Luftschutzbunkers. Die Bauweise verweist im Detail allerdings auf die 1920er Jahre.<\/p>\n<p><a href=\"https:\/\/blog.hotze.net\/wp-content\/uploads\/2017\/10\/1D192BD7-BC46-461B-AB7C-6BCBC47A89F9-e1508084976101.jpeg\"><img loading=\"lazy\" decoding=\"async\" class=\"alignnone wp-image-3693\" src=\"https:\/\/blog.hotze.net\/wp-content\/uploads\/2017\/10\/1D192BD7-BC46-461B-AB7C-6BCBC47A89F9-e1508084976101.jpeg\" alt=\"\" width=\"700\" height=\"933\" srcset=\"https:\/\/blog.hotze.net\/wp-content\/uploads\/2017\/10\/1D192BD7-BC46-461B-AB7C-6BCBC47A89F9-e1508084976101.jpeg 2448w, https:\/\/blog.hotze.net\/wp-content\/uploads\/2017\/10\/1D192BD7-BC46-461B-AB7C-6BCBC47A89F9-e1508084976101-113x150.jpeg 113w, https:\/\/blog.hotze.net\/wp-content\/uploads\/2017\/10\/1D192BD7-BC46-461B-AB7C-6BCBC47A89F9-e1508084976101-225x300.jpeg 225w, https:\/\/blog.hotze.net\/wp-content\/uploads\/2017\/10\/1D192BD7-BC46-461B-AB7C-6BCBC47A89F9-e1508084976101-768x1024.jpeg 768w\" sizes=\"auto, (max-width: 700px) 100vw, 700px\" \/><\/a><\/p>\n<p>Die Nathanael-Kirche am Grazer Platz (1902-03 von Kirchenbaurat J\u00fcrgen Kr\u00f6ger) zeigt zeittypische neugotische Formen. Der vor dem Krieg spitze Turmhelm wurde beim Wiederaufbau 1954 \u201emit R\u00fccksicht auf den Flugverkehr\u201c (!) nur in einer verkr\u00fcppelten Form wiederhergestellt.<\/p>\n<p><a href=\"https:\/\/blog.hotze.net\/wp-content\/uploads\/2017\/10\/E7E6CF34-2ED0-4885-B25E-55EDFC26F2E3-e1508097974388.jpeg\"><img loading=\"lazy\" decoding=\"async\" class=\"alignnone wp-image-3702\" src=\"https:\/\/blog.hotze.net\/wp-content\/uploads\/2017\/10\/E7E6CF34-2ED0-4885-B25E-55EDFC26F2E3-e1508097974388.jpeg\" alt=\"\" width=\"700\" height=\"525\" srcset=\"https:\/\/blog.hotze.net\/wp-content\/uploads\/2017\/10\/E7E6CF34-2ED0-4885-B25E-55EDFC26F2E3-e1508097974388.jpeg 3264w, https:\/\/blog.hotze.net\/wp-content\/uploads\/2017\/10\/E7E6CF34-2ED0-4885-B25E-55EDFC26F2E3-e1508097974388-200x150.jpeg 200w, https:\/\/blog.hotze.net\/wp-content\/uploads\/2017\/10\/E7E6CF34-2ED0-4885-B25E-55EDFC26F2E3-e1508097974388-400x300.jpeg 400w, https:\/\/blog.hotze.net\/wp-content\/uploads\/2017\/10\/E7E6CF34-2ED0-4885-B25E-55EDFC26F2E3-e1508097974388-768x576.jpeg 768w, https:\/\/blog.hotze.net\/wp-content\/uploads\/2017\/10\/E7E6CF34-2ED0-4885-B25E-55EDFC26F2E3-e1508097974388-1024x768.jpeg 1024w\" sizes=\"auto, (max-width: 700px) 100vw, 700px\" \/><\/a><\/p>\n<p><a href=\"https:\/\/blog.hotze.net\/wp-content\/uploads\/2017\/10\/25BA802F-D775-416C-BFD1-81577224A25A-e1508097933623.jpeg\"><img loading=\"lazy\" decoding=\"async\" class=\"alignnone wp-image-3701\" src=\"https:\/\/blog.hotze.net\/wp-content\/uploads\/2017\/10\/25BA802F-D775-416C-BFD1-81577224A25A-e1508097933623.jpeg\" alt=\"\" width=\"700\" height=\"525\" srcset=\"https:\/\/blog.hotze.net\/wp-content\/uploads\/2017\/10\/25BA802F-D775-416C-BFD1-81577224A25A-e1508097933623.jpeg 3264w, https:\/\/blog.hotze.net\/wp-content\/uploads\/2017\/10\/25BA802F-D775-416C-BFD1-81577224A25A-e1508097933623-200x150.jpeg 200w, https:\/\/blog.hotze.net\/wp-content\/uploads\/2017\/10\/25BA802F-D775-416C-BFD1-81577224A25A-e1508097933623-400x300.jpeg 400w, https:\/\/blog.hotze.net\/wp-content\/uploads\/2017\/10\/25BA802F-D775-416C-BFD1-81577224A25A-e1508097933623-768x576.jpeg 768w, https:\/\/blog.hotze.net\/wp-content\/uploads\/2017\/10\/25BA802F-D775-416C-BFD1-81577224A25A-e1508097933623-1024x768.jpeg 1024w\" sizes=\"auto, (max-width: 700px) 100vw, 700px\" \/><\/a><\/p>\n<p>In der Beckerstra\u00dfe finden sich pr\u00e4chtig geschm\u00fcckte sp\u00e4te Gr\u00fcnderzeitbauten, so die Hausnummern 6 und 6a (1898-1900 von Otto Haustein) oder 8, das Eckhaus zur Menzelstra\u00dfe (1896-97 von Richard Draeger, der im Denkmalverzeichnis gleichzeitig als Architekt und Bauherr aufgef\u00fchrt wird). Typisch f\u00fcr die Lage au\u00dferhalb des inneren S-Bahnrings (und damit au\u00dferhalb des Hobrecht-Plans) ist die Geschossigkeit: vier Vollgeschosse statt f\u00fcnf.<\/p>\n<p><a href=\"https:\/\/blog.hotze.net\/wp-content\/uploads\/2017\/10\/FB0A158D-BF2D-4174-809D-AAFD19F3ECB0-e1508098928616.jpeg\"><img loading=\"lazy\" decoding=\"async\" class=\"alignnone wp-image-3706\" src=\"https:\/\/blog.hotze.net\/wp-content\/uploads\/2017\/10\/FB0A158D-BF2D-4174-809D-AAFD19F3ECB0-e1508098928616.jpeg\" alt=\"\" width=\"700\" height=\"525\" srcset=\"https:\/\/blog.hotze.net\/wp-content\/uploads\/2017\/10\/FB0A158D-BF2D-4174-809D-AAFD19F3ECB0-e1508098928616.jpeg 3264w, https:\/\/blog.hotze.net\/wp-content\/uploads\/2017\/10\/FB0A158D-BF2D-4174-809D-AAFD19F3ECB0-e1508098928616-200x150.jpeg 200w, https:\/\/blog.hotze.net\/wp-content\/uploads\/2017\/10\/FB0A158D-BF2D-4174-809D-AAFD19F3ECB0-e1508098928616-400x300.jpeg 400w, https:\/\/blog.hotze.net\/wp-content\/uploads\/2017\/10\/FB0A158D-BF2D-4174-809D-AAFD19F3ECB0-e1508098928616-768x576.jpeg 768w, https:\/\/blog.hotze.net\/wp-content\/uploads\/2017\/10\/FB0A158D-BF2D-4174-809D-AAFD19F3ECB0-e1508098928616-1024x768.jpeg 1024w\" sizes=\"auto, (max-width: 700px) 100vw, 700px\" \/><\/a><\/p>\n<p>An der Kreuzung Saarstra\u00dfe\/Rheinstra\u00dfe ergibt sich eine gro\u00dfartige gr\u00fcnderzeitliche Ecksituation: Das Haus rechts von 1893-94, das Haus links von 1891, beide vom \u201eBaugesch\u00e4ft H. P\u00e4hlchen\u201c. Bekanntlich stammen die Prachtbauten dieser Jahre meistens nicht von Architekten&#8230;<\/p>\n<p><a href=\"https:\/\/blog.hotze.net\/wp-content\/uploads\/2017\/10\/06627F40-A589-4533-9E38-833AD3A5CA19-e1508099539111.jpeg\"><img loading=\"lazy\" decoding=\"async\" class=\"alignnone wp-image-3708\" src=\"https:\/\/blog.hotze.net\/wp-content\/uploads\/2017\/10\/06627F40-A589-4533-9E38-833AD3A5CA19-e1508099539111.jpeg\" alt=\"\" width=\"700\" height=\"525\" srcset=\"https:\/\/blog.hotze.net\/wp-content\/uploads\/2017\/10\/06627F40-A589-4533-9E38-833AD3A5CA19-e1508099539111.jpeg 3264w, https:\/\/blog.hotze.net\/wp-content\/uploads\/2017\/10\/06627F40-A589-4533-9E38-833AD3A5CA19-e1508099539111-200x150.jpeg 200w, https:\/\/blog.hotze.net\/wp-content\/uploads\/2017\/10\/06627F40-A589-4533-9E38-833AD3A5CA19-e1508099539111-400x300.jpeg 400w, https:\/\/blog.hotze.net\/wp-content\/uploads\/2017\/10\/06627F40-A589-4533-9E38-833AD3A5CA19-e1508099539111-768x576.jpeg 768w, https:\/\/blog.hotze.net\/wp-content\/uploads\/2017\/10\/06627F40-A589-4533-9E38-833AD3A5CA19-e1508099539111-1024x768.jpeg 1024w\" sizes=\"auto, (max-width: 700px) 100vw, 700px\" \/><\/a><\/p>\n<p>An der Ecke Schmiljanstra\u00dfe\/Handjerystra\u00dfe gibt es eine h\u00fcbsche Fifties-Perle: die AOK, 1956-58 von Robert Sch\u00f6ffler, au\u00dfen perfekt erhalten.<\/p>\n<p><a href=\"https:\/\/blog.hotze.net\/wp-content\/uploads\/2017\/10\/ECA0B769-D098-4CB6-B702-BF8C37FD39E6-e1508100244706.jpeg\"><img loading=\"lazy\" decoding=\"async\" class=\"alignnone wp-image-3711\" src=\"https:\/\/blog.hotze.net\/wp-content\/uploads\/2017\/10\/ECA0B769-D098-4CB6-B702-BF8C37FD39E6-e1508100244706.jpeg\" alt=\"\" width=\"700\" height=\"525\" srcset=\"https:\/\/blog.hotze.net\/wp-content\/uploads\/2017\/10\/ECA0B769-D098-4CB6-B702-BF8C37FD39E6-e1508100244706.jpeg 3264w, https:\/\/blog.hotze.net\/wp-content\/uploads\/2017\/10\/ECA0B769-D098-4CB6-B702-BF8C37FD39E6-e1508100244706-200x150.jpeg 200w, https:\/\/blog.hotze.net\/wp-content\/uploads\/2017\/10\/ECA0B769-D098-4CB6-B702-BF8C37FD39E6-e1508100244706-400x300.jpeg 400w, https:\/\/blog.hotze.net\/wp-content\/uploads\/2017\/10\/ECA0B769-D098-4CB6-B702-BF8C37FD39E6-e1508100244706-768x576.jpeg 768w, https:\/\/blog.hotze.net\/wp-content\/uploads\/2017\/10\/ECA0B769-D098-4CB6-B702-BF8C37FD39E6-e1508100244706-1024x768.jpeg 1024w\" sizes=\"auto, (max-width: 700px) 100vw, 700px\" \/><\/a><\/p>\n<p>Die Stubenrauchstra\u00dfe 3 und 5 entstanden um 1910 und zeigen eine in die Moderne weisende Aufl\u00f6sung der Fassaden in die Transparenz&#8230;<\/p>\n<p><em>to be continued&#8230;<\/em><\/p>\n","protected":false},"excerpt":{"rendered":"<p>Das Landesdenkmalamt Berlin ver\u00f6ffentlicht seine Denkmalkarte auch in einer mobilen Version. Am Beispiel eines meiner allt\u00e4glichen Fahrradwege von A nach B habe ich beide Versionen unterwegs getestet.<\/p>\n","protected":false},"author":1,"featured_media":0,"comment_status":"open","ping_status":"open","sticky":false,"template":"","format":"standard","meta":{"footnotes":""},"categories":[1,6],"tags":[],"class_list":["post-3715","post","type-post","status-publish","format-standard","hentry","category-allgemein","category-architektur"],"_links":{"self":[{"href":"https:\/\/blog.hotze.net\/index.php?rest_route=\/wp\/v2\/posts\/3715","targetHints":{"allow":["GET"]}}],"collection":[{"href":"https:\/\/blog.hotze.net\/index.php?rest_route=\/wp\/v2\/posts"}],"about":[{"href":"https:\/\/blog.hotze.net\/index.php?rest_route=\/wp\/v2\/types\/post"}],"author":[{"embeddable":true,"href":"https:\/\/blog.hotze.net\/index.php?rest_route=\/wp\/v2\/users\/1"}],"replies":[{"embeddable":true,"href":"https:\/\/blog.hotze.net\/index.php?rest_route=%2Fwp%2Fv2%2Fcomments&post=3715"}],"version-history":[{"count":7,"href":"https:\/\/blog.hotze.net\/index.php?rest_route=\/wp\/v2\/posts\/3715\/revisions"}],"predecessor-version":[{"id":3908,"href":"https:\/\/blog.hotze.net\/index.php?rest_route=\/wp\/v2\/posts\/3715\/revisions\/3908"}],"wp:attachment":[{"href":"https:\/\/blog.hotze.net\/index.php?rest_route=%2Fwp%2Fv2%2Fmedia&parent=3715"}],"wp:term":[{"taxonomy":"category","embeddable":true,"href":"https:\/\/blog.hotze.net\/index.php?rest_route=%2Fwp%2Fv2%2Fcategories&post=3715"},{"taxonomy":"post_tag","embeddable":true,"href":"https:\/\/blog.hotze.net\/index.php?rest_route=%2Fwp%2Fv2%2Ftags&post=3715"}],"curies":[{"name":"wp","href":"https:\/\/api.w.org\/{rel}","templated":true}]}}