{"id":6319,"date":"2024-03-05T21:47:47","date_gmt":"2024-03-05T20:47:47","guid":{"rendered":"http:\/\/blog.hotze.net\/?p=6319"},"modified":"2024-03-10T16:07:52","modified_gmt":"2024-03-10T15:07:52","slug":"corbusier-in-koepenick-drei-behrens-bauten-im-berliner-suedwesten","status":"publish","type":"post","link":"https:\/\/blog.hotze.net\/?p=6319","title":{"rendered":"Corbusier in K\u00f6penick? Drei Behrens-Bauten im Berliner S\u00fcdosten"},"content":{"rendered":"<p><strong>Oft vorbeigefahren, nie angehalten: Das Bootshaus Elektra (1910-12) an der Wuhlheide stammt von Peter Behrens. Pikant wird die Sache, weil das Landesdenkmalamt (LDA) <a href=\"https:\/\/denkmaldatenbank.berlin.de\/daobj.php?obj_dok_nr=09020167\">spekuliert<\/a>, der junge Le Corbusier k\u00f6nnte an dem Entwurf beteiligt gewesen sein. \u2013 Ein Sonntagsausflug in den Berliner S\u00fcdosten&#8230;<\/strong><\/p>\n<p><a href=\"https:\/\/blog.hotze.net\/wp-content\/uploads\/2024\/03\/IMG_0999-scaled.jpeg\"><img loading=\"lazy\" decoding=\"async\" class=\"alignnone wp-image-6307\" src=\"https:\/\/blog.hotze.net\/wp-content\/uploads\/2024\/03\/IMG_0999-scaled.jpeg\" alt=\"\" width=\"700\" height=\"600\" srcset=\"https:\/\/blog.hotze.net\/wp-content\/uploads\/2024\/03\/IMG_0999-scaled.jpeg 2560w, https:\/\/blog.hotze.net\/wp-content\/uploads\/2024\/03\/IMG_0999-350x300.jpeg 350w, https:\/\/blog.hotze.net\/wp-content\/uploads\/2024\/03\/IMG_0999-1024x877.jpeg 1024w, https:\/\/blog.hotze.net\/wp-content\/uploads\/2024\/03\/IMG_0999-175x150.jpeg 175w, https:\/\/blog.hotze.net\/wp-content\/uploads\/2024\/03\/IMG_0999-768x658.jpeg 768w, https:\/\/blog.hotze.net\/wp-content\/uploads\/2024\/03\/IMG_0999-1536x1316.jpeg 1536w, https:\/\/blog.hotze.net\/wp-content\/uploads\/2024\/03\/IMG_0999-2048x1754.jpeg 2048w\" sizes=\"auto, (max-width: 700px) 100vw, 700px\" \/><\/a><!--more--><\/p>\n<p>Zu den Mythen der modernen Architekturgeschichtsschreibung geh\u00f6rt ja, die drei sp\u00e4teren Giganten Mies, Gropius und Le Corbusier h\u00e4tten zu Beginn ihrer Karriere im B\u00fcro von Peter Behrens zusammengearbeitet. Das ist angesichts neuerer Forschung so kaum aufrechtzuhalten. Verb\u00fcrgt ist aber, dass Charles Edouard Jeanneret, der sich sp\u00e4ter Le Corbusier nannte, 1911-12 dort k\u00fcrzere Zeit hospitierte. Das LDA bzw. die Denkmaltopographie der Ortsteile Nieder- und Obersch\u00f6neweide (2003, Autor: Matthias Donath) zitiert in einer Fu\u00dfnote eine briefliche Aufzeichnung Jeannerets:<\/p>\n<p style=\"padding-left: 40px;\">Gresleri, Giuliano: Le Corbusier. Reise nach dem Orient. Unver\u00f6ffentlichte Briefe und zum Teil noch nicht publizierte Texte und Photographien von Edouard Jeanneret. Z\u00fcrich 1991, S. 410: &#8222;Was ich mache? Im Moment eine gro\u00dfe H\u00fctte, &#8222;Bootshaus Elektra&#8220;, eine Art Gesellschaftsklub f\u00fcr die Arbeiter der AEG&#8220;. <a href=\"https:\/\/denkmaldatenbank.berlin.de\/daobj.php?obj_dok_nr=09020167\">Quelle<\/a><\/p>\n<p>Vor Ort ist an dem heruntergekommenen Bau kein Hauch von Le Corbusier zu sp\u00fcren. Zu sehen ist vielmehr eine vormoderne Reformarchitektur, die den Historismus \u00fcberwunden hat und in der kommenden Moderne noch nicht angekommen ist.<\/p>\n<p><a href=\"https:\/\/blog.hotze.net\/wp-content\/uploads\/2024\/03\/IMG_1001-scaled.jpeg\"><img loading=\"lazy\" decoding=\"async\" class=\"alignnone wp-image-6309\" src=\"https:\/\/blog.hotze.net\/wp-content\/uploads\/2024\/03\/IMG_1001-scaled.jpeg\" alt=\"\" width=\"700\" height=\"595\" srcset=\"https:\/\/blog.hotze.net\/wp-content\/uploads\/2024\/03\/IMG_1001-scaled.jpeg 2560w, https:\/\/blog.hotze.net\/wp-content\/uploads\/2024\/03\/IMG_1001-353x300.jpeg 353w, https:\/\/blog.hotze.net\/wp-content\/uploads\/2024\/03\/IMG_1001-1024x870.jpeg 1024w, https:\/\/blog.hotze.net\/wp-content\/uploads\/2024\/03\/IMG_1001-177x150.jpeg 177w, https:\/\/blog.hotze.net\/wp-content\/uploads\/2024\/03\/IMG_1001-768x652.jpeg 768w, https:\/\/blog.hotze.net\/wp-content\/uploads\/2024\/03\/IMG_1001-1536x1305.jpeg 1536w, https:\/\/blog.hotze.net\/wp-content\/uploads\/2024\/03\/IMG_1001-2048x1740.jpeg 2048w\" sizes=\"auto, (max-width: 700px) 100vw, 700px\" \/><\/a><\/p>\n<p>Das f\u00fchrt uns zur nahe gelegenen Waldsiedlung Lichtenberg von Peter Behrens, geplant 1915, teilweise realisiert 1919-20. Eine typische Reihenhaussiedlung. wie sie auch Bruno Taut etwa zeitgleich am Falkenberg realisiert hat: K\u00fcnstlerisch motivierter St\u00e4dtebau mit differenzierten \u00f6ffentlichen R\u00e4umen. Formal vormodern, aber reformerisch.<\/p>\n<p><a href=\"https:\/\/blog.hotze.net\/wp-content\/uploads\/2024\/03\/IMG_0995-scaled.jpeg\"><img loading=\"lazy\" decoding=\"async\" class=\"alignnone wp-image-6308\" src=\"https:\/\/blog.hotze.net\/wp-content\/uploads\/2024\/03\/IMG_0995-scaled.jpeg\" alt=\"\" width=\"700\" height=\"525\" srcset=\"https:\/\/blog.hotze.net\/wp-content\/uploads\/2024\/03\/IMG_0995-scaled.jpeg 2560w, https:\/\/blog.hotze.net\/wp-content\/uploads\/2024\/03\/IMG_0995-400x300.jpeg 400w, https:\/\/blog.hotze.net\/wp-content\/uploads\/2024\/03\/IMG_0995-1024x768.jpeg 1024w, https:\/\/blog.hotze.net\/wp-content\/uploads\/2024\/03\/IMG_0995-200x150.jpeg 200w, https:\/\/blog.hotze.net\/wp-content\/uploads\/2024\/03\/IMG_0995-768x576.jpeg 768w, https:\/\/blog.hotze.net\/wp-content\/uploads\/2024\/03\/IMG_0995-1536x1152.jpeg 1536w, https:\/\/blog.hotze.net\/wp-content\/uploads\/2024\/03\/IMG_0995-2048x1536.jpeg 2048w\" sizes=\"auto, (max-width: 700px) 100vw, 700px\" \/><\/a><\/p>\n<p><a href=\"https:\/\/blog.hotze.net\/wp-content\/uploads\/2024\/03\/IMG_0989-scaled.jpeg\"><img loading=\"lazy\" decoding=\"async\" class=\"alignnone wp-image-6335\" src=\"https:\/\/blog.hotze.net\/wp-content\/uploads\/2024\/03\/IMG_0989-scaled.jpeg\" alt=\"\" width=\"700\" height=\"525\" srcset=\"https:\/\/blog.hotze.net\/wp-content\/uploads\/2024\/03\/IMG_0989-scaled.jpeg 2560w, https:\/\/blog.hotze.net\/wp-content\/uploads\/2024\/03\/IMG_0989-400x300.jpeg 400w, https:\/\/blog.hotze.net\/wp-content\/uploads\/2024\/03\/IMG_0989-1024x768.jpeg 1024w, https:\/\/blog.hotze.net\/wp-content\/uploads\/2024\/03\/IMG_0989-200x150.jpeg 200w, https:\/\/blog.hotze.net\/wp-content\/uploads\/2024\/03\/IMG_0989-768x576.jpeg 768w, https:\/\/blog.hotze.net\/wp-content\/uploads\/2024\/03\/IMG_0989-1536x1152.jpeg 1536w, https:\/\/blog.hotze.net\/wp-content\/uploads\/2024\/03\/IMG_0989-2048x1536.jpeg 2048w\" sizes=\"auto, (max-width: 700px) 100vw, 700px\" \/><\/a> <a href=\"https:\/\/blog.hotze.net\/wp-content\/uploads\/2024\/03\/IMG_0985-scaled.jpeg\"><img loading=\"lazy\" decoding=\"async\" class=\"alignnone wp-image-6336\" src=\"https:\/\/blog.hotze.net\/wp-content\/uploads\/2024\/03\/IMG_0985-scaled.jpeg\" alt=\"\" width=\"700\" height=\"933\" srcset=\"https:\/\/blog.hotze.net\/wp-content\/uploads\/2024\/03\/IMG_0985-scaled.jpeg 1920w, https:\/\/blog.hotze.net\/wp-content\/uploads\/2024\/03\/IMG_0985-225x300.jpeg 225w, https:\/\/blog.hotze.net\/wp-content\/uploads\/2024\/03\/IMG_0985-768x1024.jpeg 768w, https:\/\/blog.hotze.net\/wp-content\/uploads\/2024\/03\/IMG_0985-113x150.jpeg 113w, https:\/\/blog.hotze.net\/wp-content\/uploads\/2024\/03\/IMG_0985-1152x1536.jpeg 1152w, https:\/\/blog.hotze.net\/wp-content\/uploads\/2024\/03\/IMG_0985-1536x2048.jpeg 1536w\" sizes=\"auto, (max-width: 700px) 100vw, 700px\" \/><\/a><\/p>\n<p>Und schlie\u00dflich fotografieren wir endlich einen Bau, an dem wir auch schon unz\u00e4hlige Male vorbeigekommen sind: Die ehemalige Automobilfabrik der Nationalen Automobil-Gesellschaft, zuletzt bekannt als Samsung. In diesen immer noch etwas abgeh\u00e4ngten Teil von &#8222;Oberschweine\u00f6de&#8220; k\u00e4mpft der Investor um Nutzer; das Geb\u00e4ude steht augenscheinlich weitgehend leer.<\/p>\n<p><a href=\"https:\/\/blog.hotze.net\/wp-content\/uploads\/2024\/03\/IMG_1016-scaled.jpeg\"><img loading=\"lazy\" decoding=\"async\" class=\"alignnone wp-image-6306\" src=\"https:\/\/blog.hotze.net\/wp-content\/uploads\/2024\/03\/IMG_1016-scaled.jpeg\" alt=\"\" width=\"700\" height=\"554\" srcset=\"https:\/\/blog.hotze.net\/wp-content\/uploads\/2024\/03\/IMG_1016-scaled.jpeg 2560w, https:\/\/blog.hotze.net\/wp-content\/uploads\/2024\/03\/IMG_1016-379x300.jpeg 379w, https:\/\/blog.hotze.net\/wp-content\/uploads\/2024\/03\/IMG_1016-1024x811.jpeg 1024w, https:\/\/blog.hotze.net\/wp-content\/uploads\/2024\/03\/IMG_1016-189x150.jpeg 189w, https:\/\/blog.hotze.net\/wp-content\/uploads\/2024\/03\/IMG_1016-768x608.jpeg 768w, https:\/\/blog.hotze.net\/wp-content\/uploads\/2024\/03\/IMG_1016-1536x1216.jpeg 1536w, https:\/\/blog.hotze.net\/wp-content\/uploads\/2024\/03\/IMG_1016-2048x1621.jpeg 2048w\" sizes=\"auto, (max-width: 700px) 100vw, 700px\" \/><\/a><\/p>\n<blockquote><p>Die Automobilfabrik der Nationalen Automobil-Gesellschaft (NAG) an der Ostendstra\u00dfe 1-14 und Wilhelminenhofstra\u00dfe ist ein Monument der modernen Industriearchitektur des 20. Jahrhunderts.<\/p>\n<p>Mit der 1917 fertig gestellte Fabrikanlage entwarf Peter Behrens eine modifizierte Form der traditionellen Werkhofstruktur. Mit dem m\u00e4chtigen Turm erweckt die Automobilfabrik den Eindruck eines Rathauses, eines kommunalen Mittelpunkts. Die strikte Trennung von Produktion und \u00f6ffentlichem Leben ist mit diesem Bauwerk aufgehoben. (<a href=\"https:\/\/denkmaldatenbank.berlin.de\/daobj.php?obj_dok_nr=09020161,T\">Quelle: LDA<\/a>)<\/p><\/blockquote>\n<p><a href=\"https:\/\/blog.hotze.net\/wp-content\/uploads\/2024\/03\/IMG_1017-scaled.jpeg\"><img loading=\"lazy\" decoding=\"async\" class=\"alignnone wp-image-6339\" src=\"https:\/\/blog.hotze.net\/wp-content\/uploads\/2024\/03\/IMG_1017-scaled.jpeg\" alt=\"\" width=\"700\" height=\"880\" srcset=\"https:\/\/blog.hotze.net\/wp-content\/uploads\/2024\/03\/IMG_1017-scaled.jpeg 2036w, https:\/\/blog.hotze.net\/wp-content\/uploads\/2024\/03\/IMG_1017-239x300.jpeg 239w, https:\/\/blog.hotze.net\/wp-content\/uploads\/2024\/03\/IMG_1017-815x1024.jpeg 815w, https:\/\/blog.hotze.net\/wp-content\/uploads\/2024\/03\/IMG_1017-119x150.jpeg 119w, https:\/\/blog.hotze.net\/wp-content\/uploads\/2024\/03\/IMG_1017-768x966.jpeg 768w, https:\/\/blog.hotze.net\/wp-content\/uploads\/2024\/03\/IMG_1017-1222x1536.jpeg 1222w, https:\/\/blog.hotze.net\/wp-content\/uploads\/2024\/03\/IMG_1017-1629x2048.jpeg 1629w\" sizes=\"auto, (max-width: 700px) 100vw, 700px\" \/><\/a><\/p>\n<p><a href=\"https:\/\/blog.hotze.net\/wp-content\/uploads\/2024\/03\/IMG_1018-scaled.jpeg\"><img loading=\"lazy\" decoding=\"async\" class=\"alignnone wp-image-6334\" src=\"https:\/\/blog.hotze.net\/wp-content\/uploads\/2024\/03\/IMG_1018-scaled.jpeg\" alt=\"\" width=\"700\" height=\"552\" srcset=\"https:\/\/blog.hotze.net\/wp-content\/uploads\/2024\/03\/IMG_1018-scaled.jpeg 2560w, https:\/\/blog.hotze.net\/wp-content\/uploads\/2024\/03\/IMG_1018-381x300.jpeg 381w, https:\/\/blog.hotze.net\/wp-content\/uploads\/2024\/03\/IMG_1018-1024x807.jpeg 1024w, https:\/\/blog.hotze.net\/wp-content\/uploads\/2024\/03\/IMG_1018-190x150.jpeg 190w, https:\/\/blog.hotze.net\/wp-content\/uploads\/2024\/03\/IMG_1018-768x605.jpeg 768w, https:\/\/blog.hotze.net\/wp-content\/uploads\/2024\/03\/IMG_1018-1536x1211.jpeg 1536w, https:\/\/blog.hotze.net\/wp-content\/uploads\/2024\/03\/IMG_1018-2048x1614.jpeg 2048w\" sizes=\"auto, (max-width: 700px) 100vw, 700px\" \/><\/a><\/p>\n","protected":false},"excerpt":{"rendered":"<p>Oft vorbeigefahren, nie angehalten: Das Bootshaus Elektra (1910-12) an der Wuhlheide stammt von Peter Behrens. Pikant wird die Sache, weil das Landesdenkmalamt (LDA) spekuliert, der junge Le Corbusier k\u00f6nnte an dem Entwurf beteiligt gewesen sein. \u2013 Ein Sonntagsausflug in den Berliner S\u00fcdosten&#8230;<\/p>\n","protected":false},"author":1,"featured_media":0,"comment_status":"open","ping_status":"open","sticky":false,"template":"","format":"standard","meta":{"footnotes":""},"categories":[6,39],"tags":[],"class_list":["post-6319","post","type-post","status-publish","format-standard","hentry","category-architektur","category-regionales"],"_links":{"self":[{"href":"https:\/\/blog.hotze.net\/index.php?rest_route=\/wp\/v2\/posts\/6319","targetHints":{"allow":["GET"]}}],"collection":[{"href":"https:\/\/blog.hotze.net\/index.php?rest_route=\/wp\/v2\/posts"}],"about":[{"href":"https:\/\/blog.hotze.net\/index.php?rest_route=\/wp\/v2\/types\/post"}],"author":[{"embeddable":true,"href":"https:\/\/blog.hotze.net\/index.php?rest_route=\/wp\/v2\/users\/1"}],"replies":[{"embeddable":true,"href":"https:\/\/blog.hotze.net\/index.php?rest_route=%2Fwp%2Fv2%2Fcomments&post=6319"}],"version-history":[{"count":20,"href":"https:\/\/blog.hotze.net\/index.php?rest_route=\/wp\/v2\/posts\/6319\/revisions"}],"predecessor-version":[{"id":6353,"href":"https:\/\/blog.hotze.net\/index.php?rest_route=\/wp\/v2\/posts\/6319\/revisions\/6353"}],"wp:attachment":[{"href":"https:\/\/blog.hotze.net\/index.php?rest_route=%2Fwp%2Fv2%2Fmedia&parent=6319"}],"wp:term":[{"taxonomy":"category","embeddable":true,"href":"https:\/\/blog.hotze.net\/index.php?rest_route=%2Fwp%2Fv2%2Fcategories&post=6319"},{"taxonomy":"post_tag","embeddable":true,"href":"https:\/\/blog.hotze.net\/index.php?rest_route=%2Fwp%2Fv2%2Ftags&post=6319"}],"curies":[{"name":"wp","href":"https:\/\/api.w.org\/{rel}","templated":true}]}}