{"id":6354,"date":"2024-03-10T16:17:36","date_gmt":"2024-03-10T15:17:36","guid":{"rendered":"http:\/\/blog.hotze.net\/?p=6354"},"modified":"2024-03-10T23:08:42","modified_gmt":"2024-03-10T22:08:42","slug":"babelsberg","status":"publish","type":"post","link":"https:\/\/blog.hotze.net\/?p=6354","title":{"rendered":"R\u00fcstung, Siedler, Kriegsbesch\u00e4digte: Architektur in Babelsberg-S\u00fcd"},"content":{"rendered":"<p><strong>Potsdam-Babelsberg ist bekannt f\u00fcr seinen Lenn\u00e9schen Schlosspark, die Villenkolonie Neubabelsberg am Griebnitzsee (mit Fr\u00fchwerken von Mies van der Rohe) und nat\u00fcrlich die Filmstudios. In Babelsberg-S\u00fcd sind uns noch ein paar andere architektonische Besonderheiten aufgefallen&#8230;<\/strong><\/p>\n<p><a href=\"https:\/\/blog.hotze.net\/wp-content\/uploads\/2024\/03\/7E6B4B4E-D4F8-4B8F-B1A5-2DAB97FCE04F-scaled-e1710087186478.jpeg\"><img loading=\"lazy\" decoding=\"async\" class=\"alignnone wp-image-6355 size-full\" src=\"https:\/\/blog.hotze.net\/wp-content\/uploads\/2024\/03\/7E6B4B4E-D4F8-4B8F-B1A5-2DAB97FCE04F-scaled-e1710087186478.jpeg\" alt=\"\" width=\"2141\" height=\"1459\" srcset=\"https:\/\/blog.hotze.net\/wp-content\/uploads\/2024\/03\/7E6B4B4E-D4F8-4B8F-B1A5-2DAB97FCE04F-scaled-e1710087186478.jpeg 2141w, https:\/\/blog.hotze.net\/wp-content\/uploads\/2024\/03\/7E6B4B4E-D4F8-4B8F-B1A5-2DAB97FCE04F-scaled-e1710087186478-440x300.jpeg 440w, https:\/\/blog.hotze.net\/wp-content\/uploads\/2024\/03\/7E6B4B4E-D4F8-4B8F-B1A5-2DAB97FCE04F-scaled-e1710087186478-1024x698.jpeg 1024w, https:\/\/blog.hotze.net\/wp-content\/uploads\/2024\/03\/7E6B4B4E-D4F8-4B8F-B1A5-2DAB97FCE04F-scaled-e1710087186478-200x136.jpeg 200w, https:\/\/blog.hotze.net\/wp-content\/uploads\/2024\/03\/7E6B4B4E-D4F8-4B8F-B1A5-2DAB97FCE04F-scaled-e1710087186478-768x523.jpeg 768w, https:\/\/blog.hotze.net\/wp-content\/uploads\/2024\/03\/7E6B4B4E-D4F8-4B8F-B1A5-2DAB97FCE04F-scaled-e1710087186478-1536x1047.jpeg 1536w, https:\/\/blog.hotze.net\/wp-content\/uploads\/2024\/03\/7E6B4B4E-D4F8-4B8F-B1A5-2DAB97FCE04F-scaled-e1710087186478-2048x1396.jpeg 2048w\" sizes=\"auto, (max-width: 2141px) 100vw, 2141px\" \/><\/a><\/p>\n<p><!--more--><\/p>\n<div id=\"attachment_6346\" style=\"width: 710px\" class=\"wp-caption alignnone\"><a href=\"https:\/\/blog.hotze.net\/wp-content\/uploads\/2024\/03\/92F96C56-3166-4600-B5BB-B6EF10477759_1_201_a-scaled.jpeg\"><img loading=\"lazy\" decoding=\"async\" aria-describedby=\"caption-attachment-6346\" class=\"wp-image-6346\" src=\"https:\/\/blog.hotze.net\/wp-content\/uploads\/2024\/03\/92F96C56-3166-4600-B5BB-B6EF10477759_1_201_a-scaled.jpeg\" alt=\"\" width=\"700\" height=\"702\" srcset=\"https:\/\/blog.hotze.net\/wp-content\/uploads\/2024\/03\/92F96C56-3166-4600-B5BB-B6EF10477759_1_201_a-scaled.jpeg 2553w, https:\/\/blog.hotze.net\/wp-content\/uploads\/2024\/03\/92F96C56-3166-4600-B5BB-B6EF10477759_1_201_a-299x300.jpeg 299w, https:\/\/blog.hotze.net\/wp-content\/uploads\/2024\/03\/92F96C56-3166-4600-B5BB-B6EF10477759_1_201_a-1021x1024.jpeg 1021w, https:\/\/blog.hotze.net\/wp-content\/uploads\/2024\/03\/92F96C56-3166-4600-B5BB-B6EF10477759_1_201_a-150x150.jpeg 150w, https:\/\/blog.hotze.net\/wp-content\/uploads\/2024\/03\/92F96C56-3166-4600-B5BB-B6EF10477759_1_201_a-768x770.jpeg 768w, https:\/\/blog.hotze.net\/wp-content\/uploads\/2024\/03\/92F96C56-3166-4600-B5BB-B6EF10477759_1_201_a-1532x1536.jpeg 1532w, https:\/\/blog.hotze.net\/wp-content\/uploads\/2024\/03\/92F96C56-3166-4600-B5BB-B6EF10477759_1_201_a-2042x2048.jpeg 2042w\" sizes=\"auto, (max-width: 700px) 100vw, 700px\" \/><\/a><p id=\"caption-attachment-6346\" class=\"wp-caption-text\">Ansicht Am Konsumhof<\/p><\/div>\n<div id=\"attachment_6357\" style=\"width: 710px\" class=\"wp-caption alignnone\"><a href=\"https:\/\/blog.hotze.net\/wp-content\/uploads\/2024\/03\/F549F058-A05A-41B7-8A28-E5ECF62C3ED7_1_105_c-1.jpeg\"><img loading=\"lazy\" decoding=\"async\" aria-describedby=\"caption-attachment-6357\" class=\"wp-image-6357\" src=\"https:\/\/blog.hotze.net\/wp-content\/uploads\/2024\/03\/F549F058-A05A-41B7-8A28-E5ECF62C3ED7_1_105_c-1.jpeg\" alt=\"\" width=\"700\" height=\"525\" srcset=\"https:\/\/blog.hotze.net\/wp-content\/uploads\/2024\/03\/F549F058-A05A-41B7-8A28-E5ECF62C3ED7_1_105_c-1.jpeg 1024w, https:\/\/blog.hotze.net\/wp-content\/uploads\/2024\/03\/F549F058-A05A-41B7-8A28-E5ECF62C3ED7_1_105_c-1-400x300.jpeg 400w, https:\/\/blog.hotze.net\/wp-content\/uploads\/2024\/03\/F549F058-A05A-41B7-8A28-E5ECF62C3ED7_1_105_c-1-200x150.jpeg 200w, https:\/\/blog.hotze.net\/wp-content\/uploads\/2024\/03\/F549F058-A05A-41B7-8A28-E5ECF62C3ED7_1_105_c-1-768x576.jpeg 768w\" sizes=\"auto, (max-width: 700px) 100vw, 700px\" \/><\/a><p id=\"caption-attachment-6357\" class=\"wp-caption-text\">Ansicht Gro\u00dfbeerenstra\u00dfe<\/p><\/div>\n<p>An der Stichstra\u00dfe Am Konsumhof f\u00e4llt dieser Gewerbebau mit Turm auf (heute \u201eApolloniahaus\u201c genannt). Das Baudatum l\u00e4sst sich nicht eindeutig bestimmen, es steht aber zu vermuten, dass es aus der Nazizeit stammt. Die Architektursprache zwischen Moderne und Monumentalismus spricht ebenfaso daf\u00fcr wie die Tatsache, dass auf dem Gel\u00e4nde Gro\u00dfbeerenstra\u00dfe 109-119 damals ein florierender R\u00fcstungsbetrieb f\u00fcr drahtlose Kommunikation seinen Sitz hatte (siehe <a href=\"https:\/\/www.veikkos-archiv.com\/index.php?title=Gro%C3%9Fbeerenstra%C3%9Fe_109-119\">Potsdam-Wiki<\/a>). Hier kann man heute unter anderem Ferienwohnungen mieten.<\/p>\n<p><a href=\"https:\/\/blog.hotze.net\/wp-content\/uploads\/2024\/03\/0024D887-546B-4F95-8288-D86B1E8FF9E7_1_201_a-scaled.jpeg\"><img loading=\"lazy\" decoding=\"async\" class=\"alignnone wp-image-6344\" src=\"https:\/\/blog.hotze.net\/wp-content\/uploads\/2024\/03\/0024D887-546B-4F95-8288-D86B1E8FF9E7_1_201_a-scaled.jpeg\" alt=\"\" width=\"700\" height=\"859\" srcset=\"https:\/\/blog.hotze.net\/wp-content\/uploads\/2024\/03\/0024D887-546B-4F95-8288-D86B1E8FF9E7_1_201_a-scaled.jpeg 2087w, https:\/\/blog.hotze.net\/wp-content\/uploads\/2024\/03\/0024D887-546B-4F95-8288-D86B1E8FF9E7_1_201_a-245x300.jpeg 245w, https:\/\/blog.hotze.net\/wp-content\/uploads\/2024\/03\/0024D887-546B-4F95-8288-D86B1E8FF9E7_1_201_a-835x1024.jpeg 835w, https:\/\/blog.hotze.net\/wp-content\/uploads\/2024\/03\/0024D887-546B-4F95-8288-D86B1E8FF9E7_1_201_a-122x150.jpeg 122w, https:\/\/blog.hotze.net\/wp-content\/uploads\/2024\/03\/0024D887-546B-4F95-8288-D86B1E8FF9E7_1_201_a-768x942.jpeg 768w, https:\/\/blog.hotze.net\/wp-content\/uploads\/2024\/03\/0024D887-546B-4F95-8288-D86B1E8FF9E7_1_201_a-1252x1536.jpeg 1252w, https:\/\/blog.hotze.net\/wp-content\/uploads\/2024\/03\/0024D887-546B-4F95-8288-D86B1E8FF9E7_1_201_a-1670x2048.jpeg 1670w\" sizes=\"auto, (max-width: 700px) 100vw, 700px\" \/><\/a><\/p>\n<p>Die Gewoba-Siedlung an der Paul-Neumann-Stra\u00dfe wurde auf Betreiben sozialdemokratischer Lokalpolitiker 1928-30 vom Architekten D. Ludewig errichtet (1934 und 1937 erweitert). Dort wurden 350 Wohnungen im Stil der Neuen Sachlichkeit geschaffen.<\/p>\n<p><a href=\"https:\/\/blog.hotze.net\/wp-content\/uploads\/2024\/03\/96E4AE58-4C68-47C4-ACD6-440618C08146_1_201_a-1-scaled.jpeg\"><img loading=\"lazy\" decoding=\"async\" class=\"alignnone wp-image-6348\" src=\"https:\/\/blog.hotze.net\/wp-content\/uploads\/2024\/03\/96E4AE58-4C68-47C4-ACD6-440618C08146_1_201_a-1-scaled.jpeg\" alt=\"\" width=\"700\" height=\"681\" srcset=\"https:\/\/blog.hotze.net\/wp-content\/uploads\/2024\/03\/96E4AE58-4C68-47C4-ACD6-440618C08146_1_201_a-1-scaled.jpeg 2560w, https:\/\/blog.hotze.net\/wp-content\/uploads\/2024\/03\/96E4AE58-4C68-47C4-ACD6-440618C08146_1_201_a-1-308x300.jpeg 308w, https:\/\/blog.hotze.net\/wp-content\/uploads\/2024\/03\/96E4AE58-4C68-47C4-ACD6-440618C08146_1_201_a-1-1024x997.jpeg 1024w, https:\/\/blog.hotze.net\/wp-content\/uploads\/2024\/03\/96E4AE58-4C68-47C4-ACD6-440618C08146_1_201_a-1-154x150.jpeg 154w, https:\/\/blog.hotze.net\/wp-content\/uploads\/2024\/03\/96E4AE58-4C68-47C4-ACD6-440618C08146_1_201_a-1-768x747.jpeg 768w, https:\/\/blog.hotze.net\/wp-content\/uploads\/2024\/03\/96E4AE58-4C68-47C4-ACD6-440618C08146_1_201_a-1-1536x1495.jpeg 1536w, https:\/\/blog.hotze.net\/wp-content\/uploads\/2024\/03\/96E4AE58-4C68-47C4-ACD6-440618C08146_1_201_a-1-2048x1993.jpeg 2048w\" sizes=\"auto, (max-width: 700px) 100vw, 700px\" \/><\/a><\/p>\n<p>Auff\u00e4llig ist das r\u00fcckw\u00e4rtige Heizhaus, das sich auf dem Grundriss eines Viertelkreissegments nach hinten \u2013 zum m\u00e4chtigen Schornstein hin \u2013 bis zur H\u00f6he von drei Geschossen aufstaffelt.<\/p>\n<p><a href=\"https:\/\/blog.hotze.net\/wp-content\/uploads\/2024\/03\/840D6087-6700-4A58-A468-3C08F2D5493B-scaled.jpeg\"><img loading=\"lazy\" decoding=\"async\" class=\"alignnone wp-image-6349\" src=\"https:\/\/blog.hotze.net\/wp-content\/uploads\/2024\/03\/840D6087-6700-4A58-A468-3C08F2D5493B-scaled.jpeg\" alt=\"\" width=\"700\" height=\"525\" srcset=\"https:\/\/blog.hotze.net\/wp-content\/uploads\/2024\/03\/840D6087-6700-4A58-A468-3C08F2D5493B-scaled.jpeg 2560w, https:\/\/blog.hotze.net\/wp-content\/uploads\/2024\/03\/840D6087-6700-4A58-A468-3C08F2D5493B-400x300.jpeg 400w, https:\/\/blog.hotze.net\/wp-content\/uploads\/2024\/03\/840D6087-6700-4A58-A468-3C08F2D5493B-1024x768.jpeg 1024w, https:\/\/blog.hotze.net\/wp-content\/uploads\/2024\/03\/840D6087-6700-4A58-A468-3C08F2D5493B-200x150.jpeg 200w, https:\/\/blog.hotze.net\/wp-content\/uploads\/2024\/03\/840D6087-6700-4A58-A468-3C08F2D5493B-768x576.jpeg 768w, https:\/\/blog.hotze.net\/wp-content\/uploads\/2024\/03\/840D6087-6700-4A58-A468-3C08F2D5493B-1536x1152.jpeg 1536w, https:\/\/blog.hotze.net\/wp-content\/uploads\/2024\/03\/840D6087-6700-4A58-A468-3C08F2D5493B-2048x1536.jpeg 2048w\" sizes=\"auto, (max-width: 700px) 100vw, 700px\" \/><\/a><\/p>\n<p>Die \u201eKriegsbesch\u00e4digtensiedlung\u201c (so genannter \u201eSaarlandanger\u201c) an der Eduard-Claudius-Stra\u00dfe wurde 1933\u201335 nach einem Wettbewerb von den bekannten Berliner Architekten Mebes und Emmerich in einem traditionsgebundenen Heimatschutzstil errichtet und gilt \u201eals fr\u00fches Beispiel einer st\u00e4dtebaulich musterg\u00fcltigen NS-Anlage\u201c (Paul Sigel et. al, Architekturf\u00fchrer Potsdam, Berlin 2006)<\/p>\n<p><a href=\"https:\/\/blog.hotze.net\/wp-content\/uploads\/2024\/03\/1261575B-5BA4-4C93-8F84-BD0DE688AE8D-scaled.jpeg\"><img loading=\"lazy\" decoding=\"async\" class=\"alignnone wp-image-6352\" src=\"https:\/\/blog.hotze.net\/wp-content\/uploads\/2024\/03\/1261575B-5BA4-4C93-8F84-BD0DE688AE8D-scaled.jpeg\" alt=\"\" width=\"700\" height=\"525\" srcset=\"https:\/\/blog.hotze.net\/wp-content\/uploads\/2024\/03\/1261575B-5BA4-4C93-8F84-BD0DE688AE8D-scaled.jpeg 2560w, https:\/\/blog.hotze.net\/wp-content\/uploads\/2024\/03\/1261575B-5BA4-4C93-8F84-BD0DE688AE8D-400x300.jpeg 400w, https:\/\/blog.hotze.net\/wp-content\/uploads\/2024\/03\/1261575B-5BA4-4C93-8F84-BD0DE688AE8D-1024x768.jpeg 1024w, https:\/\/blog.hotze.net\/wp-content\/uploads\/2024\/03\/1261575B-5BA4-4C93-8F84-BD0DE688AE8D-200x150.jpeg 200w, https:\/\/blog.hotze.net\/wp-content\/uploads\/2024\/03\/1261575B-5BA4-4C93-8F84-BD0DE688AE8D-768x576.jpeg 768w, https:\/\/blog.hotze.net\/wp-content\/uploads\/2024\/03\/1261575B-5BA4-4C93-8F84-BD0DE688AE8D-1536x1152.jpeg 1536w, https:\/\/blog.hotze.net\/wp-content\/uploads\/2024\/03\/1261575B-5BA4-4C93-8F84-BD0DE688AE8D-2048x1536.jpeg 2048w\" sizes=\"auto, (max-width: 700px) 100vw, 700px\" \/><\/a><\/p>\n<p>Die Stadtrandsiedlung, so genannte \u201eZick&#8217;sche Schweiz\u201c (Drewitzer Stra\u00dfe, Am Fenn) entstand 1932\u201334 mit 59 Siedlerstellen (Architekten Gustav Fritsch, Reinhold Mohr). \u201eGiebelst\u00e4ndige Doppelh\u00e4user mit breiten, verbretterten Giebeln und heruntergezogenem Satteldach bestimmen das symmetrische Stra\u00dfenbild\u201c (Paul Sigel et. al, Architekturf\u00fchrer Potsdam, Berlin 2006). Heute scheinen die Bewohner allerdings die Siedlerh\u00e4user als komfortables Wohneigentum zu begreifen.<\/p>\n<p><a href=\"https:\/\/blog.hotze.net\/wp-content\/uploads\/2024\/03\/30C37680-7FF3-4322-A40A-DF836601A7BB-scaled-e1710086571191.jpeg\"><img loading=\"lazy\" decoding=\"async\" class=\"alignnone wp-image-6350\" src=\"https:\/\/blog.hotze.net\/wp-content\/uploads\/2024\/03\/30C37680-7FF3-4322-A40A-DF836601A7BB-scaled-e1710086571191.jpeg\" alt=\"\" width=\"700\" height=\"588\" srcset=\"https:\/\/blog.hotze.net\/wp-content\/uploads\/2024\/03\/30C37680-7FF3-4322-A40A-DF836601A7BB-scaled-e1710086571191.jpeg 1920w, https:\/\/blog.hotze.net\/wp-content\/uploads\/2024\/03\/30C37680-7FF3-4322-A40A-DF836601A7BB-scaled-e1710086571191-357x300.jpeg 357w, https:\/\/blog.hotze.net\/wp-content\/uploads\/2024\/03\/30C37680-7FF3-4322-A40A-DF836601A7BB-scaled-e1710086571191-1024x860.jpeg 1024w, https:\/\/blog.hotze.net\/wp-content\/uploads\/2024\/03\/30C37680-7FF3-4322-A40A-DF836601A7BB-scaled-e1710086571191-179x150.jpeg 179w, https:\/\/blog.hotze.net\/wp-content\/uploads\/2024\/03\/30C37680-7FF3-4322-A40A-DF836601A7BB-scaled-e1710086571191-768x645.jpeg 768w, https:\/\/blog.hotze.net\/wp-content\/uploads\/2024\/03\/30C37680-7FF3-4322-A40A-DF836601A7BB-scaled-e1710086571191-1536x1290.jpeg 1536w\" sizes=\"auto, (max-width: 700px) 100vw, 700px\" \/><\/a><\/p>\n<p>Die Siedlung \u201eAm Brunnen\u201c wurde im Kern 1923\u201330 vom Beamten-Wohnungsverein mit 510 Wohnungen von verschiedenen Architekten errichtet. \u201eEine offene, stark durchgr\u00fcnte Bebauung l\u00f6st die streng axialsymmetrischen Stra\u00dfenz\u00fcge nach barocken Vorbildern ab. Gerade und gekurvte Stra\u00dfen sowie platzartige Erweiterungen korrespondieren mit abwechslungsreich gegliederten, meist zweigeschossigen Bauten und bieten vielgestaltige Ansichten\u201c (Paul Sigel et. al, Architekturf\u00fchrer Potsdam, Berlin 2006).<\/p>\n","protected":false},"excerpt":{"rendered":"<p>Potsdam-Babelsberg ist bekannt f\u00fcr seinen Lenn\u00e9schen Schlosspark, die Villenkolonie Neubabelsberg am Griebnitzsee (mit Fr\u00fchwerken von Mies van der Rohe) und nat\u00fcrlich die Filmstudios. In Babelsberg-S\u00fcd sind uns noch ein paar andere architektonische Besonderheiten aufgefallen&#8230;<\/p>\n","protected":false},"author":1,"featured_media":0,"comment_status":"open","ping_status":"open","sticky":false,"template":"","format":"standard","meta":{"footnotes":""},"categories":[1,6,39],"tags":[],"class_list":["post-6354","post","type-post","status-publish","format-standard","hentry","category-allgemein","category-architektur","category-regionales"],"_links":{"self":[{"href":"https:\/\/blog.hotze.net\/index.php?rest_route=\/wp\/v2\/posts\/6354","targetHints":{"allow":["GET"]}}],"collection":[{"href":"https:\/\/blog.hotze.net\/index.php?rest_route=\/wp\/v2\/posts"}],"about":[{"href":"https:\/\/blog.hotze.net\/index.php?rest_route=\/wp\/v2\/types\/post"}],"author":[{"embeddable":true,"href":"https:\/\/blog.hotze.net\/index.php?rest_route=\/wp\/v2\/users\/1"}],"replies":[{"embeddable":true,"href":"https:\/\/blog.hotze.net\/index.php?rest_route=%2Fwp%2Fv2%2Fcomments&post=6354"}],"version-history":[{"count":11,"href":"https:\/\/blog.hotze.net\/index.php?rest_route=\/wp\/v2\/posts\/6354\/revisions"}],"predecessor-version":[{"id":6367,"href":"https:\/\/blog.hotze.net\/index.php?rest_route=\/wp\/v2\/posts\/6354\/revisions\/6367"}],"wp:attachment":[{"href":"https:\/\/blog.hotze.net\/index.php?rest_route=%2Fwp%2Fv2%2Fmedia&parent=6354"}],"wp:term":[{"taxonomy":"category","embeddable":true,"href":"https:\/\/blog.hotze.net\/index.php?rest_route=%2Fwp%2Fv2%2Fcategories&post=6354"},{"taxonomy":"post_tag","embeddable":true,"href":"https:\/\/blog.hotze.net\/index.php?rest_route=%2Fwp%2Fv2%2Ftags&post=6354"}],"curies":[{"name":"wp","href":"https:\/\/api.w.org\/{rel}","templated":true}]}}