{"id":6407,"date":"2024-03-29T22:31:43","date_gmt":"2024-03-29T21:31:43","guid":{"rendered":"http:\/\/blog.hotze.net\/?p=6407"},"modified":"2024-03-30T06:21:52","modified_gmt":"2024-03-30T05:21:52","slug":"wenig-neues-in-luckenwalde-ergaenzung-eines-architekturausflugs","status":"publish","type":"post","link":"https:\/\/blog.hotze.net\/?p=6407","title":{"rendered":"Hut, Bad, Pr\u00e4rie: Neues aus Luckenwalde"},"content":{"rendered":"<p><strong>Luckenwalde, etwa 50 Kilometer s\u00fcdlich von Berlin gelegen, ist in die internationale Architekturgeschichte eingeschrieben durch die Hutfabrik von Erich Mendelsohn. Was es dort sonst noch zu sehen gibt, hatten wir im September 2017 erkundet und <a href=\"https:\/\/blog.hotze.net\/?p=3602\">hier aufgeschrieben<\/a>. Ein Wiederbesuch ergab heute <\/strong><strong>Neues&#8230;<\/strong><\/p>\n<p><a href=\"https:\/\/blog.hotze.net\/wp-content\/uploads\/2024\/03\/IMG_1141-scaled.jpeg\"><img loading=\"lazy\" decoding=\"async\" class=\"alignnone wp-image-6396\" src=\"https:\/\/blog.hotze.net\/wp-content\/uploads\/2024\/03\/IMG_1141-scaled.jpeg\" alt=\"\" width=\"700\" height=\"525\" srcset=\"https:\/\/blog.hotze.net\/wp-content\/uploads\/2024\/03\/IMG_1141-scaled.jpeg 2560w, https:\/\/blog.hotze.net\/wp-content\/uploads\/2024\/03\/IMG_1141-400x300.jpeg 400w, https:\/\/blog.hotze.net\/wp-content\/uploads\/2024\/03\/IMG_1141-1024x768.jpeg 1024w, https:\/\/blog.hotze.net\/wp-content\/uploads\/2024\/03\/IMG_1141-200x150.jpeg 200w, https:\/\/blog.hotze.net\/wp-content\/uploads\/2024\/03\/IMG_1141-768x576.jpeg 768w, https:\/\/blog.hotze.net\/wp-content\/uploads\/2024\/03\/IMG_1141-1536x1152.jpeg 1536w, https:\/\/blog.hotze.net\/wp-content\/uploads\/2024\/03\/IMG_1141-2048x1536.jpeg 2048w\" sizes=\"auto, (max-width: 700px) 100vw, 700px\" \/><\/a><\/p>\n<p><!--more--><\/p>\n<p>Anfangen m\u00fcssen wir nat\u00fcrlich mit der Hutfabrik (1922\/23). Ein Investor hatte nach der Wende den 1936 abgetragenen, charakteristischen &#8222;Hut&#8220; der ehemaligen F\u00e4rbereihalle, eine vielfach publizierte Inkunabel der fr\u00fchen modernen Industrie-Architektur, mit F\u00f6rdermitteln wiedererrichtet, wenn auch mit sehr einfachen Mitteln \u2013 so ist das Dach lediglich mit Pappe gedeckt. Seitdem sind die Aktivit\u00e4ten offenbar zum Stillstand gekommen, das Gel\u00e4nde ist unzug\u00e4nglich, und nach Auskunft von Anwohnern stapelt sich dort Schutt und Unrat.<\/p>\n<p><a href=\"https:\/\/blog.hotze.net\/wp-content\/uploads\/2024\/03\/IMG_1142-scaled.jpeg\"><img loading=\"lazy\" decoding=\"async\" class=\"alignnone wp-image-6395\" src=\"https:\/\/blog.hotze.net\/wp-content\/uploads\/2024\/03\/IMG_1142-scaled.jpeg\" alt=\"\" width=\"700\" height=\"525\" srcset=\"https:\/\/blog.hotze.net\/wp-content\/uploads\/2024\/03\/IMG_1142-scaled.jpeg 2560w, https:\/\/blog.hotze.net\/wp-content\/uploads\/2024\/03\/IMG_1142-400x300.jpeg 400w, https:\/\/blog.hotze.net\/wp-content\/uploads\/2024\/03\/IMG_1142-1024x768.jpeg 1024w, https:\/\/blog.hotze.net\/wp-content\/uploads\/2024\/03\/IMG_1142-200x150.jpeg 200w, https:\/\/blog.hotze.net\/wp-content\/uploads\/2024\/03\/IMG_1142-768x576.jpeg 768w, https:\/\/blog.hotze.net\/wp-content\/uploads\/2024\/03\/IMG_1142-1536x1152.jpeg 1536w, https:\/\/blog.hotze.net\/wp-content\/uploads\/2024\/03\/IMG_1142-2048x1536.jpeg 2048w\" sizes=\"auto, (max-width: 700px) 100vw, 700px\" \/><\/a><\/p>\n<p>Mehr Hoffnung gibt es f\u00fcr das ehemalige Stadtbad (1927-29) des Siemens-Hausarchitekten Hans Hertlein.<\/p>\n<p><a href=\"https:\/\/blog.hotze.net\/wp-content\/uploads\/2024\/03\/IMG_1136-scaled.jpeg\"><img loading=\"lazy\" decoding=\"async\" class=\"alignnone wp-image-6397\" src=\"https:\/\/blog.hotze.net\/wp-content\/uploads\/2024\/03\/IMG_1136-scaled.jpeg\" alt=\"\" width=\"700\" height=\"536\" srcset=\"https:\/\/blog.hotze.net\/wp-content\/uploads\/2024\/03\/IMG_1136-scaled.jpeg 2560w, https:\/\/blog.hotze.net\/wp-content\/uploads\/2024\/03\/IMG_1136-392x300.jpeg 392w, https:\/\/blog.hotze.net\/wp-content\/uploads\/2024\/03\/IMG_1136-1024x784.jpeg 1024w, https:\/\/blog.hotze.net\/wp-content\/uploads\/2024\/03\/IMG_1136-196x150.jpeg 196w, https:\/\/blog.hotze.net\/wp-content\/uploads\/2024\/03\/IMG_1136-768x588.jpeg 768w, https:\/\/blog.hotze.net\/wp-content\/uploads\/2024\/03\/IMG_1136-1536x1176.jpeg 1536w, https:\/\/blog.hotze.net\/wp-content\/uploads\/2024\/03\/IMG_1136-2048x1569.jpeg 2048w\" sizes=\"auto, (max-width: 700px) 100vw, 700px\" \/><\/a><\/p>\n<p>Schwimmen wird man dort wohl nicht mehr k\u00f6nnen, das Geb\u00e4ude wird aber offensichtlich sukzessive hergerichtet. Der Eingangsbereich mit Freitreppe ist gegen\u00fcber dem Zustand 2017 saniert, ebenso sind die Fenster mit rot gef\u00e4rbten Profilen erneuert. Laut <a href=\"https:\/\/www.rbb24.de\/kultur\/beitrag\/2022\/09\/stadtbad-luckenwalde-sanierung-kultur-brandenburg.html\">RBB-Bericht von 2022<\/a> werden hier Mittel der Nationalen St\u00e4dtebauf\u00f6rderung in ein Kunst- und Kreativzentrum investiert.<\/p>\n<p>2017 schon gesehen hatten wir die neusachlich-moderne Volksheimsiedlung von W. Ludewig (1928-32), allerdings damals dem zentralen Heizkraftwerk mit dem ortsbildpr\u00e4gendem Schornstein keine Beachtung geschenkt, der als st\u00e4dtebaulicher \u00a0Point de Vue am V-f\u00f6rmig angelegten Ebertplatz fungiert. Das Heizkraftwerk ist derzeit von Bauz\u00e4unen umgeben und wirkt marode.<\/p>\n<p><a href=\"https:\/\/blog.hotze.net\/wp-content\/uploads\/2024\/03\/IMG_1143-scaled.jpeg\"><img loading=\"lazy\" decoding=\"async\" class=\"alignnone wp-image-6394\" src=\"https:\/\/blog.hotze.net\/wp-content\/uploads\/2024\/03\/IMG_1143-scaled.jpeg\" alt=\"\" width=\"700\" height=\"525\" srcset=\"https:\/\/blog.hotze.net\/wp-content\/uploads\/2024\/03\/IMG_1143-scaled.jpeg 2560w, https:\/\/blog.hotze.net\/wp-content\/uploads\/2024\/03\/IMG_1143-400x300.jpeg 400w, https:\/\/blog.hotze.net\/wp-content\/uploads\/2024\/03\/IMG_1143-1024x768.jpeg 1024w, https:\/\/blog.hotze.net\/wp-content\/uploads\/2024\/03\/IMG_1143-200x150.jpeg 200w, https:\/\/blog.hotze.net\/wp-content\/uploads\/2024\/03\/IMG_1143-768x576.jpeg 768w, https:\/\/blog.hotze.net\/wp-content\/uploads\/2024\/03\/IMG_1143-1536x1152.jpeg 1536w, https:\/\/blog.hotze.net\/wp-content\/uploads\/2024\/03\/IMG_1143-2048x1536.jpeg 2048w\" sizes=\"auto, (max-width: 700px) 100vw, 700px\" \/><\/a><\/p>\n<p><a href=\"https:\/\/blog.hotze.net\/wp-content\/uploads\/2024\/03\/IMG_1145-scaled.jpeg\"><img loading=\"lazy\" decoding=\"async\" class=\"alignnone wp-image-6406\" src=\"https:\/\/blog.hotze.net\/wp-content\/uploads\/2024\/03\/IMG_1145-scaled.jpeg\" alt=\"\" width=\"700\" height=\"525\" srcset=\"https:\/\/blog.hotze.net\/wp-content\/uploads\/2024\/03\/IMG_1145-scaled.jpeg 2560w, https:\/\/blog.hotze.net\/wp-content\/uploads\/2024\/03\/IMG_1145-400x300.jpeg 400w, https:\/\/blog.hotze.net\/wp-content\/uploads\/2024\/03\/IMG_1145-1024x768.jpeg 1024w, https:\/\/blog.hotze.net\/wp-content\/uploads\/2024\/03\/IMG_1145-200x150.jpeg 200w, https:\/\/blog.hotze.net\/wp-content\/uploads\/2024\/03\/IMG_1145-768x576.jpeg 768w, https:\/\/blog.hotze.net\/wp-content\/uploads\/2024\/03\/IMG_1145-1536x1152.jpeg 1536w, https:\/\/blog.hotze.net\/wp-content\/uploads\/2024\/03\/IMG_1145-2048x1536.jpeg 2048w\" sizes=\"auto, (max-width: 700px) 100vw, 700px\" \/><\/a><\/p>\n<p>Der unmittelbare Anlass f\u00fcr den Wiederbesuch war aber die katholische St-Joseph-Kirche, die uns bei der Vorbeifahrt mit der Bahn aufgefallen ist.<\/p>\n<p><a href=\"https:\/\/blog.hotze.net\/wp-content\/uploads\/2024\/03\/IMG_1128-scaled.jpeg\"><img loading=\"lazy\" decoding=\"async\" class=\"alignnone size-full wp-image-6401\" src=\"https:\/\/blog.hotze.net\/wp-content\/uploads\/2024\/03\/IMG_1128-scaled.jpeg\" alt=\"\" width=\"1920\" height=\"2560\" srcset=\"https:\/\/blog.hotze.net\/wp-content\/uploads\/2024\/03\/IMG_1128-scaled.jpeg 1920w, https:\/\/blog.hotze.net\/wp-content\/uploads\/2024\/03\/IMG_1128-225x300.jpeg 225w, https:\/\/blog.hotze.net\/wp-content\/uploads\/2024\/03\/IMG_1128-768x1024.jpeg 768w, https:\/\/blog.hotze.net\/wp-content\/uploads\/2024\/03\/IMG_1128-113x150.jpeg 113w, https:\/\/blog.hotze.net\/wp-content\/uploads\/2024\/03\/IMG_1128-1152x1536.jpeg 1152w, https:\/\/blog.hotze.net\/wp-content\/uploads\/2024\/03\/IMG_1128-1536x2048.jpeg 1536w\" sizes=\"auto, (max-width: 1920px) 100vw, 1920px\" \/><\/a><\/p>\n<p>Wie im protestantischen Kernland Preu\u00dfens \u00fcblich, haben die Katholiken erst sp\u00e4t, im 19. oder sogar erst im 20. Jahrhundert, eigene Kirchen errichten k\u00f6nnen, was auch an Bismarcks Kulturkampf lag. In Luckenwalde baute der Architekt Max Hasak diese eindrucksvolle neugotische Kirche mit ihrer Zweiturmfassade typischerweise abseits des Stadtzentrums (1913\/14). Wie bei der fast zeitgleichen St.-Bonifatius-Kirche in Berlin-Kreuzberg an der Yorckstra\u00dfe des selben Architekten vermischen sich hier Motive der m\u00e4rkischen Backsteingotik mit der aufkommenden Moderne.<\/p>\n<p>Schlie\u00dflich haben wir als Zufallsfund noch ein wundersch\u00f6nes und im Au\u00dfenbau original erhaltenes, wenn auch heruntergekommenes Bauwerk der klassischen Moderne entdeckt, das von dem Luckenwalder Lokalhelden Paul Backes stammt, den wir schon 2017 mehrfach erw\u00e4hnt hatten.<\/p>\n<p><a href=\"https:\/\/blog.hotze.net\/wp-content\/uploads\/2024\/03\/IMG_1130-scaled.jpeg\"><img loading=\"lazy\" decoding=\"async\" class=\"alignnone wp-image-6400\" src=\"https:\/\/blog.hotze.net\/wp-content\/uploads\/2024\/03\/IMG_1130-scaled.jpeg\" alt=\"\" width=\"700\" height=\"933\" srcset=\"https:\/\/blog.hotze.net\/wp-content\/uploads\/2024\/03\/IMG_1130-scaled.jpeg 1920w, https:\/\/blog.hotze.net\/wp-content\/uploads\/2024\/03\/IMG_1130-225x300.jpeg 225w, https:\/\/blog.hotze.net\/wp-content\/uploads\/2024\/03\/IMG_1130-768x1024.jpeg 768w, https:\/\/blog.hotze.net\/wp-content\/uploads\/2024\/03\/IMG_1130-113x150.jpeg 113w, https:\/\/blog.hotze.net\/wp-content\/uploads\/2024\/03\/IMG_1130-1152x1536.jpeg 1152w, https:\/\/blog.hotze.net\/wp-content\/uploads\/2024\/03\/IMG_1130-1536x2048.jpeg 1536w\" sizes=\"auto, (max-width: 700px) 100vw, 700px\" \/><\/a><\/p>\n<p>1929-31 als Kreiskonsumverwaltung errichtet, dient es heute offensichtlich Wohnnutzungen. Vergleiche mit der Konsumzentrale in Leipzig-Plagwitz von Fritz H\u00f6ger dr\u00e4ngen sich auf.<\/p>\n<p><a href=\"https:\/\/blog.hotze.net\/wp-content\/uploads\/2024\/03\/IMG_1133-scaled.jpeg\"><img loading=\"lazy\" decoding=\"async\" class=\"alignnone wp-image-6399\" src=\"https:\/\/blog.hotze.net\/wp-content\/uploads\/2024\/03\/IMG_1133-scaled.jpeg\" alt=\"\" width=\"700\" height=\"854\" srcset=\"https:\/\/blog.hotze.net\/wp-content\/uploads\/2024\/03\/IMG_1133-scaled.jpeg 2098w, https:\/\/blog.hotze.net\/wp-content\/uploads\/2024\/03\/IMG_1133-246x300.jpeg 246w, https:\/\/blog.hotze.net\/wp-content\/uploads\/2024\/03\/IMG_1133-839x1024.jpeg 839w, https:\/\/blog.hotze.net\/wp-content\/uploads\/2024\/03\/IMG_1133-123x150.jpeg 123w, https:\/\/blog.hotze.net\/wp-content\/uploads\/2024\/03\/IMG_1133-768x937.jpeg 768w, https:\/\/blog.hotze.net\/wp-content\/uploads\/2024\/03\/IMG_1133-1259x1536.jpeg 1259w, https:\/\/blog.hotze.net\/wp-content\/uploads\/2024\/03\/IMG_1133-1678x2048.jpeg 1678w\" sizes=\"auto, (max-width: 700px) 100vw, 700px\" \/><\/a><\/p>\n<p>Unser Besuch endete am Waldfriedhof, angelegt 1921\/22. Die Pf\u00f6rtnerh\u00e4user von Richard Neutra mit ihren weit \u00fcberstehenden D\u00e4chern lassen einen Bezug zum &#8222;Prairie style&#8220; von Frank Lloyd Wright erkennen. Folgerichtig ging Neutra 1923 in die USA, wo er zu einem der wichtigsten Protagonisten der Moderne wurde.<\/p>\n<p><a href=\"https:\/\/blog.hotze.net\/wp-content\/uploads\/2024\/03\/IMG_1147-scaled.jpeg\"><img loading=\"lazy\" decoding=\"async\" class=\"alignnone wp-image-6393\" src=\"https:\/\/blog.hotze.net\/wp-content\/uploads\/2024\/03\/IMG_1147-scaled.jpeg\" alt=\"\" width=\"700\" height=\"525\" srcset=\"https:\/\/blog.hotze.net\/wp-content\/uploads\/2024\/03\/IMG_1147-scaled.jpeg 2560w, https:\/\/blog.hotze.net\/wp-content\/uploads\/2024\/03\/IMG_1147-400x300.jpeg 400w, https:\/\/blog.hotze.net\/wp-content\/uploads\/2024\/03\/IMG_1147-1024x768.jpeg 1024w, https:\/\/blog.hotze.net\/wp-content\/uploads\/2024\/03\/IMG_1147-200x150.jpeg 200w, https:\/\/blog.hotze.net\/wp-content\/uploads\/2024\/03\/IMG_1147-768x576.jpeg 768w, https:\/\/blog.hotze.net\/wp-content\/uploads\/2024\/03\/IMG_1147-1536x1152.jpeg 1536w, https:\/\/blog.hotze.net\/wp-content\/uploads\/2024\/03\/IMG_1147-2048x1536.jpeg 2048w\" sizes=\"auto, (max-width: 700px) 100vw, 700px\" \/><\/a><\/p>\n<p>&nbsp;<\/p>\n","protected":false},"excerpt":{"rendered":"<p>Luckenwalde, etwa 50 Kilometer s\u00fcdlich von Berlin gelegen, ist in die internationale Architekturgeschichte eingeschrieben durch die Hutfabrik von Erich Mendelsohn. Was es dort sonst noch zu sehen gibt, hatten wir im September 2017 erkundet und hier aufgeschrieben. Ein Wiederbesuch ergab heute Neues&#8230;<\/p>\n","protected":false},"author":1,"featured_media":0,"comment_status":"open","ping_status":"open","sticky":false,"template":"","format":"standard","meta":{"footnotes":""},"categories":[1,6,39],"tags":[],"class_list":["post-6407","post","type-post","status-publish","format-standard","hentry","category-allgemein","category-architektur","category-regionales"],"_links":{"self":[{"href":"https:\/\/blog.hotze.net\/index.php?rest_route=\/wp\/v2\/posts\/6407","targetHints":{"allow":["GET"]}}],"collection":[{"href":"https:\/\/blog.hotze.net\/index.php?rest_route=\/wp\/v2\/posts"}],"about":[{"href":"https:\/\/blog.hotze.net\/index.php?rest_route=\/wp\/v2\/types\/post"}],"author":[{"embeddable":true,"href":"https:\/\/blog.hotze.net\/index.php?rest_route=\/wp\/v2\/users\/1"}],"replies":[{"embeddable":true,"href":"https:\/\/blog.hotze.net\/index.php?rest_route=%2Fwp%2Fv2%2Fcomments&post=6407"}],"version-history":[{"count":14,"href":"https:\/\/blog.hotze.net\/index.php?rest_route=\/wp\/v2\/posts\/6407\/revisions"}],"predecessor-version":[{"id":6421,"href":"https:\/\/blog.hotze.net\/index.php?rest_route=\/wp\/v2\/posts\/6407\/revisions\/6421"}],"wp:attachment":[{"href":"https:\/\/blog.hotze.net\/index.php?rest_route=%2Fwp%2Fv2%2Fmedia&parent=6407"}],"wp:term":[{"taxonomy":"category","embeddable":true,"href":"https:\/\/blog.hotze.net\/index.php?rest_route=%2Fwp%2Fv2%2Fcategories&post=6407"},{"taxonomy":"post_tag","embeddable":true,"href":"https:\/\/blog.hotze.net\/index.php?rest_route=%2Fwp%2Fv2%2Ftags&post=6407"}],"curies":[{"name":"wp","href":"https:\/\/api.w.org\/{rel}","templated":true}]}}